{"id":5346,"date":"2026-04-27T11:15:38","date_gmt":"2026-04-27T10:15:38","guid":{"rendered":"https:\/\/amis-parc-foret-orient.fr\/?p=5346"},"modified":"2026-04-27T14:48:18","modified_gmt":"2026-04-27T13:48:18","slug":"samedi-20-mai-2026visite-guidee-de-lentreprise-baroclean-a-vendeuvre-sur-barse","status":"publish","type":"post","link":"https:\/\/amis-parc-foret-orient.fr\/index.php\/2026\/04\/27\/samedi-20-mai-2026visite-guidee-de-lentreprise-baroclean-a-vendeuvre-sur-barse\/","title":{"rendered":"<span>Samedi 20 mai 2026<\/span>Visite guid\u00e9e de l&rsquo;entreprise Baroclean \u00e0 Vendeuvre-sur-Barse"},"content":{"rendered":"<p>Nous vous proposons de d\u00e9couvrir l&rsquo;entreprise Baroclean \u00e0 Vendeuvre-sur-Barse, sp\u00e9cialis\u00e9e dans l&rsquo;hydrocurage.<\/p>\n<p>Cr\u00e9\u00e9e en 1981, la soci\u00e9t\u00e9 Baroclean est un constructeur d&rsquo;hydrocureurs et d\u2019\u00e9quipements pour l\u2019assainissement, aujourd\u2019hui leader fran\u00e7ais de la fabrication de camion hydrocureur en aluminium de taille r\u00e9duite. L\u2019entreprise familiale a \u00e9t\u00e9 reprise en 2016 par les dirigeants actuels, qui ont pour objectif de faire cro\u00eetre la soci\u00e9t\u00e9, en optimisant les process et renfor\u00e7ant la pr\u00e9sence de l&rsquo;entreprise en France et dans le monde.<\/p>\n<p><strong>SUR INSCRIPTION pr\u00e9alable.<\/strong><\/p>\n<p><strong>RDV \u00e0 14h00 devant l&rsquo;entreprise situ\u00e9e dans la Z.I. de Bellevue \u00e0 Vendeuvre-sur-Barse.<\/strong><\/p>\n<p><em>Participation : 5 euros pour les non adh\u00e9rents \/ 3 euros pour les adh\u00e9rents.<\/em><\/p>\n","protected":false},"excerpt":{"rendered":"<p>Nous vous proposons de d\u00e9couvrir l&rsquo;entreprise Baroclean \u00e0 Vendeuvre-sur-Barse, sp\u00e9cialis\u00e9e dans l&rsquo;hydrocurage. Cr\u00e9\u00e9e en 1981, la soci\u00e9t\u00e9 Baroclean est un constructeur d&rsquo;hydrocureurs et d\u2019\u00e9quipements pour l\u2019assainissement, aujourd\u2019hui leader fran\u00e7ais de la fabrication de camion hydrocureur en aluminium de taille r\u00e9duite. L\u2019entreprise familiale a \u00e9t\u00e9 reprise en 2016 par les dirigeants actuels, qui ont pour objectif [&hellip;]<\/p>\n","protected":false},"author":1,"featured_media":5347,"comment_status":"closed","ping_status":"closed","sticky":false,"template":"","format":"standard","meta":{"footnotes":"","_wp_rev_ctl_limit":""},"categories":[267,251],"tags":[],"class_list":["post-5346","post","type-post","status-publish","format-standard","has-post-thumbnail","hentry","category-animations-2eme-trimestre-2026","category-animations-futures-2026"],"yoast_head":"<!-- This site is optimized with the Yoast SEO plugin v27.4 - https:\/\/yoast.com\/product\/yoast-seo-wordpress\/ -->\n<title>Samedi 20 mai 2026Visite guid\u00e9e de l&#039;entreprise Baroclean \u00e0 Vendeuvre-sur-Barse - Les Amis du Parc de la For\u00eat d&#039;Orient<\/title>\n<meta name=\"robots\" content=\"index, follow, max-snippet:-1, max-image-preview:large, max-video-preview:-1\" \/>\n<link rel=\"canonical\" href=\"https:\/\/amis-parc-foret-orient.fr\/index.php\/2026\/04\/27\/samedi-20-mai-2026visite-guidee-de-lentreprise-baroclean-a-vendeuvre-sur-barse\/\" \/>\n<meta property=\"og:locale\" content=\"fr_FR\" \/>\n<meta property=\"og:type\" content=\"article\" \/>\n<meta property=\"og:title\" content=\"Samedi 20 mai 2026Visite guid\u00e9e de l&#039;entreprise Baroclean \u00e0 Vendeuvre-sur-Barse - Les Amis du Parc de la For\u00eat d&#039;Orient\" \/>\n<meta property=\"og:description\" content=\"Nous vous proposons de d\u00e9couvrir l&rsquo;entreprise Baroclean \u00e0 Vendeuvre-sur-Barse, sp\u00e9cialis\u00e9e dans l&rsquo;hydrocurage. Cr\u00e9\u00e9e en 1981, la soci\u00e9t\u00e9 Baroclean est un constructeur d&rsquo;hydrocureurs et d\u2019\u00e9quipements pour l\u2019assainissement, aujourd\u2019hui leader fran\u00e7ais de la fabrication de camion hydrocureur en aluminium de taille r\u00e9duite. L\u2019entreprise familiale a \u00e9t\u00e9 reprise en 2016 par les dirigeants actuels, qui ont pour objectif [&hellip;]\" \/>\n<meta property=\"og:url\" content=\"https:\/\/amis-parc-foret-orient.fr\/index.php\/2026\/04\/27\/samedi-20-mai-2026visite-guidee-de-lentreprise-baroclean-a-vendeuvre-sur-barse\/\" \/>\n<meta property=\"og:site_name\" content=\"Les Amis du Parc de la For\u00eat d&#039;Orient\" \/>\n<meta property=\"article:publisher\" content=\"https:\/\/www.facebook.com\/Amis.du.Parc\/\" \/>\n<meta property=\"article:published_time\" content=\"2026-04-27T10:15:38+00:00\" \/>\n<meta property=\"article:modified_time\" content=\"2026-04-27T13:48:18+00:00\" \/>\n<meta property=\"og:image\" content=\"https:\/\/amis-parc-foret-orient.fr\/wp-content\/uploads\/2026\/04\/BC_ARTICLES_LOBS-EAE0786267C748E0A1FCD6405FF15F1B-scaled.jpg\" \/>\n\t<meta property=\"og:image:width\" content=\"2560\" \/>\n\t<meta property=\"og:image:height\" content=\"1705\" \/>\n\t<meta property=\"og:image:type\" content=\"image\/jpeg\" \/>\n<meta name=\"author\" content=\"Katell\" \/>\n<meta name=\"twitter:card\" content=\"summary_large_image\" \/>\n<meta name=\"twitter:label1\" content=\"\u00c9crit par\" \/>\n\t<meta name=\"twitter:data1\" content=\"Katell\" \/>\n\t<meta name=\"twitter:label2\" content=\"Dur\u00e9e de lecture estim\u00e9e\" \/>\n\t<meta name=\"twitter:data2\" content=\"1 minute\" \/>\n<script type=\"application\/ld+json\" class=\"yoast-schema-graph\">{\"@context\":\"https:\\\/\\\/schema.org\",\"@graph\":[{\"@type\":\"Article\",\"@id\":\"https:\\\/\\\/amis-parc-foret-orient.fr\\\/index.php\\\/2026\\\/04\\\/27\\\/samedi-20-mai-2026visite-guidee-de-lentreprise-baroclean-a-vendeuvre-sur-barse\\\/#article\",\"isPartOf\":{\"@id\":\"https:\\\/\\\/amis-parc-foret-orient.fr\\\/index.php\\\/2026\\\/04\\\/27\\\/samedi-20-mai-2026visite-guidee-de-lentreprise-baroclean-a-vendeuvre-sur-barse\\\/\"},\"author\":{\"name\":\"Katell\",\"@id\":\"https:\\\/\\\/amis-parc-foret-orient.fr\\\/#\\\/schema\\\/person\\\/8961238e6b786153d305b90e6d96037f\"},\"headline\":\"Samedi 20 mai 2026Visite guid\u00e9e de l&rsquo;entreprise Baroclean \u00e0 Vendeuvre-sur-Barse\",\"datePublished\":\"2026-04-27T10:15:38+00:00\",\"dateModified\":\"2026-04-27T13:48:18+00:00\",\"mainEntityOfPage\":{\"@id\":\"https:\\\/\\\/amis-parc-foret-orient.fr\\\/index.php\\\/2026\\\/04\\\/27\\\/samedi-20-mai-2026visite-guidee-de-lentreprise-baroclean-a-vendeuvre-sur-barse\\\/\"},\"wordCount\":132,\"publisher\":{\"@id\":\"https:\\\/\\\/amis-parc-foret-orient.fr\\\/#organization\"},\"image\":{\"@id\":\"https:\\\/\\\/amis-parc-foret-orient.fr\\\/index.php\\\/2026\\\/04\\\/27\\\/samedi-20-mai-2026visite-guidee-de-lentreprise-baroclean-a-vendeuvre-sur-barse\\\/#primaryimage\"},\"thumbnailUrl\":\"https:\\\/\\\/amis-parc-foret-orient.fr\\\/wp-content\\\/uploads\\\/2026\\\/04\\\/BC_ARTICLES_LOBS-EAE0786267C748E0A1FCD6405FF15F1B-scaled.jpg\",\"articleSection\":[\"Animations 2\u00e8me trimestre 2026\",\"Animations \u00e0 venir 2026\"],\"inLanguage\":\"fr-FR\"},{\"@type\":\"WebPage\",\"@id\":\"https:\\\/\\\/amis-parc-foret-orient.fr\\\/index.php\\\/2026\\\/04\\\/27\\\/samedi-20-mai-2026visite-guidee-de-lentreprise-baroclean-a-vendeuvre-sur-barse\\\/\",\"url\":\"https:\\\/\\\/amis-parc-foret-orient.fr\\\/index.php\\\/2026\\\/04\\\/27\\\/samedi-20-mai-2026visite-guidee-de-lentreprise-baroclean-a-vendeuvre-sur-barse\\\/\",\"name\":\"Samedi 20 mai 2026Visite guid\u00e9e de l'entreprise Baroclean \u00e0 Vendeuvre-sur-Barse - Les Amis du Parc de la For\u00eat d&#039;Orient\",\"isPartOf\":{\"@id\":\"https:\\\/\\\/amis-parc-foret-orient.fr\\\/#website\"},\"primaryImageOfPage\":{\"@id\":\"https:\\\/\\\/amis-parc-foret-orient.fr\\\/index.php\\\/2026\\\/04\\\/27\\\/samedi-20-mai-2026visite-guidee-de-lentreprise-baroclean-a-vendeuvre-sur-barse\\\/#primaryimage\"},\"image\":{\"@id\":\"https:\\\/\\\/amis-parc-foret-orient.fr\\\/index.php\\\/2026\\\/04\\\/27\\\/samedi-20-mai-2026visite-guidee-de-lentreprise-baroclean-a-vendeuvre-sur-barse\\\/#primaryimage\"},\"thumbnailUrl\":\"https:\\\/\\\/amis-parc-foret-orient.fr\\\/wp-content\\\/uploads\\\/2026\\\/04\\\/BC_ARTICLES_LOBS-EAE0786267C748E0A1FCD6405FF15F1B-scaled.jpg\",\"datePublished\":\"2026-04-27T10:15:38+00:00\",\"dateModified\":\"2026-04-27T13:48:18+00:00\",\"breadcrumb\":{\"@id\":\"https:\\\/\\\/amis-parc-foret-orient.fr\\\/index.php\\\/2026\\\/04\\\/27\\\/samedi-20-mai-2026visite-guidee-de-lentreprise-baroclean-a-vendeuvre-sur-barse\\\/#breadcrumb\"},\"inLanguage\":\"fr-FR\",\"potentialAction\":[{\"@type\":\"ReadAction\",\"target\":[\"https:\\\/\\\/amis-parc-foret-orient.fr\\\/index.php\\\/2026\\\/04\\\/27\\\/samedi-20-mai-2026visite-guidee-de-lentreprise-baroclean-a-vendeuvre-sur-barse\\\/\"]}]},{\"@type\":\"ImageObject\",\"inLanguage\":\"fr-FR\",\"@id\":\"https:\\\/\\\/amis-parc-foret-orient.fr\\\/index.php\\\/2026\\\/04\\\/27\\\/samedi-20-mai-2026visite-guidee-de-lentreprise-baroclean-a-vendeuvre-sur-barse\\\/#primaryimage\",\"url\":\"https:\\\/\\\/amis-parc-foret-orient.fr\\\/wp-content\\\/uploads\\\/2026\\\/04\\\/BC_ARTICLES_LOBS-EAE0786267C748E0A1FCD6405FF15F1B-scaled.jpg\",\"contentUrl\":\"https:\\\/\\\/amis-parc-foret-orient.fr\\\/wp-content\\\/uploads\\\/2026\\\/04\\\/BC_ARTICLES_LOBS-EAE0786267C748E0A1FCD6405FF15F1B-scaled.jpg\",\"width\":2560,\"height\":1705},{\"@type\":\"BreadcrumbList\",\"@id\":\"https:\\\/\\\/amis-parc-foret-orient.fr\\\/index.php\\\/2026\\\/04\\\/27\\\/samedi-20-mai-2026visite-guidee-de-lentreprise-baroclean-a-vendeuvre-sur-barse\\\/#breadcrumb\",\"itemListElement\":[{\"@type\":\"ListItem\",\"position\":1,\"name\":\"Home\",\"item\":\"https:\\\/\\\/amis-parc-foret-orient.fr\\\/\"},{\"@type\":\"ListItem\",\"position\":2,\"name\":\"Samedi 20 mai 2026Visite guid\u00e9e de l&rsquo;entreprise Baroclean \u00e0 Vendeuvre-sur-Barse\"}]},{\"@type\":\"WebSite\",\"@id\":\"https:\\\/\\\/amis-parc-foret-orient.fr\\\/#website\",\"url\":\"https:\\\/\\\/amis-parc-foret-orient.fr\\\/\",\"name\":\"Les Amis du Parc de la For\u00eat d'Orient\",\"description\":\"\",\"publisher\":{\"@id\":\"https:\\\/\\\/amis-parc-foret-orient.fr\\\/#organization\"},\"potentialAction\":[{\"@type\":\"SearchAction\",\"target\":{\"@type\":\"EntryPoint\",\"urlTemplate\":\"https:\\\/\\\/amis-parc-foret-orient.fr\\\/?s={search_term_string}\"},\"query-input\":{\"@type\":\"PropertyValueSpecification\",\"valueRequired\":true,\"valueName\":\"search_term_string\"}}],\"inLanguage\":\"fr-FR\"},{\"@type\":\"Organization\",\"@id\":\"https:\\\/\\\/amis-parc-foret-orient.fr\\\/#organization\",\"name\":\"Les Amis du Parc de la For\u00eat d'Orient\",\"url\":\"https:\\\/\\\/amis-parc-foret-orient.fr\\\/\",\"logo\":{\"@type\":\"ImageObject\",\"inLanguage\":\"fr-FR\",\"@id\":\"https:\\\/\\\/amis-parc-foret-orient.fr\\\/#\\\/schema\\\/logo\\\/image\\\/\",\"url\":\"https:\\\/\\\/amis-parc-foret-orient.fr\\\/wp-content\\\/uploads\\\/2025\\\/08\\\/cropped-logo_amis_parc_2025_150-1-1.png\",\"contentUrl\":\"https:\\\/\\\/amis-parc-foret-orient.fr\\\/wp-content\\\/uploads\\\/2025\\\/08\\\/cropped-logo_amis_parc_2025_150-1-1.png\",\"width\":400,\"height\":175,\"caption\":\"Les Amis du Parc de la For\u00eat d'Orient\"},\"image\":{\"@id\":\"https:\\\/\\\/amis-parc-foret-orient.fr\\\/#\\\/schema\\\/logo\\\/image\\\/\"},\"sameAs\":[\"https:\\\/\\\/www.facebook.com\\\/Amis.du.Parc\\\/\"]},{\"@type\":\"Person\",\"@id\":\"https:\\\/\\\/amis-parc-foret-orient.fr\\\/#\\\/schema\\\/person\\\/8961238e6b786153d305b90e6d96037f\",\"name\":\"Katell\",\"image\":{\"@type\":\"ImageObject\",\"inLanguage\":\"fr-FR\",\"@id\":\"https:\\\/\\\/secure.gravatar.com\\\/avatar\\\/e3d85f2f6ff53b0fa29c4f19018fd7eacf2d993b69093d04ab556e1a47b4910e?s=96&d=monsterid&r=g\",\"url\":\"https:\\\/\\\/secure.gravatar.com\\\/avatar\\\/e3d85f2f6ff53b0fa29c4f19018fd7eacf2d993b69093d04ab556e1a47b4910e?s=96&d=monsterid&r=g\",\"contentUrl\":\"https:\\\/\\\/secure.gravatar.com\\\/avatar\\\/e3d85f2f6ff53b0fa29c4f19018fd7eacf2d993b69093d04ab556e1a47b4910e?s=96&d=monsterid&r=g\",\"caption\":\"Katell\"},\"url\":\"https:\\\/\\\/amis-parc-foret-orient.fr\\\/index.php\\\/author\\\/ladpsn4-2-2-2-2-2-2-2-2-2-2\\\/\"}]}<\/script>\n<!-- \/ Yoast SEO plugin. -->","yoast_head_json":{"title":"Samedi 20 mai 2026Visite guid\u00e9e de l'entreprise Baroclean \u00e0 Vendeuvre-sur-Barse - Les Amis du Parc de la For\u00eat d&#039;Orient","robots":{"index":"index","follow":"follow","max-snippet":"max-snippet:-1","max-image-preview":"max-image-preview:large","max-video-preview":"max-video-preview:-1"},"canonical":"https:\/\/amis-parc-foret-orient.fr\/index.php\/2026\/04\/27\/samedi-20-mai-2026visite-guidee-de-lentreprise-baroclean-a-vendeuvre-sur-barse\/","og_locale":"fr_FR","og_type":"article","og_title":"Samedi 20 mai 2026Visite guid\u00e9e de l'entreprise Baroclean \u00e0 Vendeuvre-sur-Barse - Les Amis du Parc de la For\u00eat d&#039;Orient","og_description":"Nous vous proposons de d\u00e9couvrir l&rsquo;entreprise Baroclean \u00e0 Vendeuvre-sur-Barse, sp\u00e9cialis\u00e9e dans l&rsquo;hydrocurage. Cr\u00e9\u00e9e en 1981, la soci\u00e9t\u00e9 Baroclean est un constructeur d&rsquo;hydrocureurs et d\u2019\u00e9quipements pour l\u2019assainissement, aujourd\u2019hui leader fran\u00e7ais de la fabrication de camion hydrocureur en aluminium de taille r\u00e9duite. L\u2019entreprise familiale a \u00e9t\u00e9 reprise en 2016 par les dirigeants actuels, qui ont pour objectif [&hellip;]","og_url":"https:\/\/amis-parc-foret-orient.fr\/index.php\/2026\/04\/27\/samedi-20-mai-2026visite-guidee-de-lentreprise-baroclean-a-vendeuvre-sur-barse\/","og_site_name":"Les Amis du Parc de la For\u00eat d&#039;Orient","article_publisher":"https:\/\/www.facebook.com\/Amis.du.Parc\/","article_published_time":"2026-04-27T10:15:38+00:00","article_modified_time":"2026-04-27T13:48:18+00:00","og_image":[{"width":2560,"height":1705,"url":"https:\/\/amis-parc-foret-orient.fr\/wp-content\/uploads\/2026\/04\/BC_ARTICLES_LOBS-EAE0786267C748E0A1FCD6405FF15F1B-scaled.jpg","type":"image\/jpeg"}],"author":"Katell","twitter_card":"summary_large_image","twitter_misc":{"\u00c9crit par":"Katell","Dur\u00e9e de lecture estim\u00e9e":"1 minute"},"schema":{"@context":"https:\/\/schema.org","@graph":[{"@type":"Article","@id":"https:\/\/amis-parc-foret-orient.fr\/index.php\/2026\/04\/27\/samedi-20-mai-2026visite-guidee-de-lentreprise-baroclean-a-vendeuvre-sur-barse\/#article","isPartOf":{"@id":"https:\/\/amis-parc-foret-orient.fr\/index.php\/2026\/04\/27\/samedi-20-mai-2026visite-guidee-de-lentreprise-baroclean-a-vendeuvre-sur-barse\/"},"author":{"name":"Katell","@id":"https:\/\/amis-parc-foret-orient.fr\/#\/schema\/person\/8961238e6b786153d305b90e6d96037f"},"headline":"Samedi 20 mai 2026Visite guid\u00e9e de l&rsquo;entreprise Baroclean \u00e0 Vendeuvre-sur-Barse","datePublished":"2026-04-27T10:15:38+00:00","dateModified":"2026-04-27T13:48:18+00:00","mainEntityOfPage":{"@id":"https:\/\/amis-parc-foret-orient.fr\/index.php\/2026\/04\/27\/samedi-20-mai-2026visite-guidee-de-lentreprise-baroclean-a-vendeuvre-sur-barse\/"},"wordCount":132,"publisher":{"@id":"https:\/\/amis-parc-foret-orient.fr\/#organization"},"image":{"@id":"https:\/\/amis-parc-foret-orient.fr\/index.php\/2026\/04\/27\/samedi-20-mai-2026visite-guidee-de-lentreprise-baroclean-a-vendeuvre-sur-barse\/#primaryimage"},"thumbnailUrl":"https:\/\/amis-parc-foret-orient.fr\/wp-content\/uploads\/2026\/04\/BC_ARTICLES_LOBS-EAE0786267C748E0A1FCD6405FF15F1B-scaled.jpg","articleSection":["Animations 2\u00e8me trimestre 2026","Animations \u00e0 venir 2026"],"inLanguage":"fr-FR"},{"@type":"WebPage","@id":"https:\/\/amis-parc-foret-orient.fr\/index.php\/2026\/04\/27\/samedi-20-mai-2026visite-guidee-de-lentreprise-baroclean-a-vendeuvre-sur-barse\/","url":"https:\/\/amis-parc-foret-orient.fr\/index.php\/2026\/04\/27\/samedi-20-mai-2026visite-guidee-de-lentreprise-baroclean-a-vendeuvre-sur-barse\/","name":"Samedi 20 mai 2026Visite guid\u00e9e de l'entreprise Baroclean \u00e0 Vendeuvre-sur-Barse - Les Amis du Parc de la For\u00eat d&#039;Orient","isPartOf":{"@id":"https:\/\/amis-parc-foret-orient.fr\/#website"},"primaryImageOfPage":{"@id":"https:\/\/amis-parc-foret-orient.fr\/index.php\/2026\/04\/27\/samedi-20-mai-2026visite-guidee-de-lentreprise-baroclean-a-vendeuvre-sur-barse\/#primaryimage"},"image":{"@id":"https:\/\/amis-parc-foret-orient.fr\/index.php\/2026\/04\/27\/samedi-20-mai-2026visite-guidee-de-lentreprise-baroclean-a-vendeuvre-sur-barse\/#primaryimage"},"thumbnailUrl":"https:\/\/amis-parc-foret-orient.fr\/wp-content\/uploads\/2026\/04\/BC_ARTICLES_LOBS-EAE0786267C748E0A1FCD6405FF15F1B-scaled.jpg","datePublished":"2026-04-27T10:15:38+00:00","dateModified":"2026-04-27T13:48:18+00:00","breadcrumb":{"@id":"https:\/\/amis-parc-foret-orient.fr\/index.php\/2026\/04\/27\/samedi-20-mai-2026visite-guidee-de-lentreprise-baroclean-a-vendeuvre-sur-barse\/#breadcrumb"},"inLanguage":"fr-FR","potentialAction":[{"@type":"ReadAction","target":["https:\/\/amis-parc-foret-orient.fr\/index.php\/2026\/04\/27\/samedi-20-mai-2026visite-guidee-de-lentreprise-baroclean-a-vendeuvre-sur-barse\/"]}]},{"@type":"ImageObject","inLanguage":"fr-FR","@id":"https:\/\/amis-parc-foret-orient.fr\/index.php\/2026\/04\/27\/samedi-20-mai-2026visite-guidee-de-lentreprise-baroclean-a-vendeuvre-sur-barse\/#primaryimage","url":"https:\/\/amis-parc-foret-orient.fr\/wp-content\/uploads\/2026\/04\/BC_ARTICLES_LOBS-EAE0786267C748E0A1FCD6405FF15F1B-scaled.jpg","contentUrl":"https:\/\/amis-parc-foret-orient.fr\/wp-content\/uploads\/2026\/04\/BC_ARTICLES_LOBS-EAE0786267C748E0A1FCD6405FF15F1B-scaled.jpg","width":2560,"height":1705},{"@type":"BreadcrumbList","@id":"https:\/\/amis-parc-foret-orient.fr\/index.php\/2026\/04\/27\/samedi-20-mai-2026visite-guidee-de-lentreprise-baroclean-a-vendeuvre-sur-barse\/#breadcrumb","itemListElement":[{"@type":"ListItem","position":1,"name":"Home","item":"https:\/\/amis-parc-foret-orient.fr\/"},{"@type":"ListItem","position":2,"name":"Samedi 20 mai 2026Visite guid\u00e9e de l&rsquo;entreprise Baroclean \u00e0 Vendeuvre-sur-Barse"}]},{"@type":"WebSite","@id":"https:\/\/amis-parc-foret-orient.fr\/#website","url":"https:\/\/amis-parc-foret-orient.fr\/","name":"Les Amis du Parc de la For\u00eat d'Orient","description":"","publisher":{"@id":"https:\/\/amis-parc-foret-orient.fr\/#organization"},"potentialAction":[{"@type":"SearchAction","target":{"@type":"EntryPoint","urlTemplate":"https:\/\/amis-parc-foret-orient.fr\/?s={search_term_string}"},"query-input":{"@type":"PropertyValueSpecification","valueRequired":true,"valueName":"search_term_string"}}],"inLanguage":"fr-FR"},{"@type":"Organization","@id":"https:\/\/amis-parc-foret-orient.fr\/#organization","name":"Les Amis du Parc de la For\u00eat d'Orient","url":"https:\/\/amis-parc-foret-orient.fr\/","logo":{"@type":"ImageObject","inLanguage":"fr-FR","@id":"https:\/\/amis-parc-foret-orient.fr\/#\/schema\/logo\/image\/","url":"https:\/\/amis-parc-foret-orient.fr\/wp-content\/uploads\/2025\/08\/cropped-logo_amis_parc_2025_150-1-1.png","contentUrl":"https:\/\/amis-parc-foret-orient.fr\/wp-content\/uploads\/2025\/08\/cropped-logo_amis_parc_2025_150-1-1.png","width":400,"height":175,"caption":"Les Amis du Parc de la For\u00eat d'Orient"},"image":{"@id":"https:\/\/amis-parc-foret-orient.fr\/#\/schema\/logo\/image\/"},"sameAs":["https:\/\/www.facebook.com\/Amis.du.Parc\/"]},{"@type":"Person","@id":"https:\/\/amis-parc-foret-orient.fr\/#\/schema\/person\/8961238e6b786153d305b90e6d96037f","name":"Katell","image":{"@type":"ImageObject","inLanguage":"fr-FR","@id":"https:\/\/secure.gravatar.com\/avatar\/e3d85f2f6ff53b0fa29c4f19018fd7eacf2d993b69093d04ab556e1a47b4910e?s=96&d=monsterid&r=g","url":"https:\/\/secure.gravatar.com\/avatar\/e3d85f2f6ff53b0fa29c4f19018fd7eacf2d993b69093d04ab556e1a47b4910e?s=96&d=monsterid&r=g","contentUrl":"https:\/\/secure.gravatar.com\/avatar\/e3d85f2f6ff53b0fa29c4f19018fd7eacf2d993b69093d04ab556e1a47b4910e?s=96&d=monsterid&r=g","caption":"Katell"},"url":"https:\/\/amis-parc-foret-orient.fr\/index.php\/author\/ladpsn4-2-2-2-2-2-2-2-2-2-2\/"}]}},"blog_post_layout_featured_media_urls":{"thumbnail":["https:\/\/amis-parc-foret-orient.fr\/wp-content\/uploads\/2026\/04\/BC_ARTICLES_LOBS-EAE0786267C748E0A1FCD6405FF15F1B-150x150.jpg",150,150,true],"full":["https:\/\/amis-parc-foret-orient.fr\/wp-content\/uploads\/2026\/04\/BC_ARTICLES_LOBS-EAE0786267C748E0A1FCD6405FF15F1B-scaled.jpg",2560,1705,false]},"categories_names":{"267":{"name":"Animations 2\u00e8me trimestre 2026","link":"https:\/\/amis-parc-foret-orient.fr\/index.php\/category\/animations\/animations-futures-2026\/animations-2eme-trimestre-2026\/"},"251":{"name":"Animations \u00e0 venir 2026","link":"https:\/\/amis-parc-foret-orient.fr\/index.php\/category\/animations\/animations-futures-2026\/"}},"tags_names":[],"comments_number":"0","wpmagazine_modules_lite_featured_media_urls":{"thumbnail":["https:\/\/amis-parc-foret-orient.fr\/wp-content\/uploads\/2026\/04\/BC_ARTICLES_LOBS-EAE0786267C748E0A1FCD6405FF15F1B-150x150.jpg",150,150,true],"cvmm-medium":["https:\/\/amis-parc-foret-orient.fr\/wp-content\/uploads\/2026\/04\/BC_ARTICLES_LOBS-EAE0786267C748E0A1FCD6405FF15F1B-300x300.jpg",300,300,true],"cvmm-medium-plus":["https:\/\/amis-parc-foret-orient.fr\/wp-content\/uploads\/2026\/04\/BC_ARTICLES_LOBS-EAE0786267C748E0A1FCD6405FF15F1B-305x207.jpg",305,207,true],"cvmm-portrait":["https:\/\/amis-parc-foret-orient.fr\/wp-content\/uploads\/2026\/04\/BC_ARTICLES_LOBS-EAE0786267C748E0A1FCD6405FF15F1B-400x600.jpg",400,600,true],"cvmm-medium-square":["https:\/\/amis-parc-foret-orient.fr\/wp-content\/uploads\/2026\/04\/BC_ARTICLES_LOBS-EAE0786267C748E0A1FCD6405FF15F1B-600x600.jpg",600,600,true],"cvmm-large":["https:\/\/amis-parc-foret-orient.fr\/wp-content\/uploads\/2026\/04\/BC_ARTICLES_LOBS-EAE0786267C748E0A1FCD6405FF15F1B-1024x1024.jpg",1024,1024,true],"cvmm-small":["https:\/\/amis-parc-foret-orient.fr\/wp-content\/uploads\/2026\/04\/BC_ARTICLES_LOBS-EAE0786267C748E0A1FCD6405FF15F1B-130x95.jpg",130,95,true],"full":["https:\/\/amis-parc-foret-orient.fr\/wp-content\/uploads\/2026\/04\/BC_ARTICLES_LOBS-EAE0786267C748E0A1FCD6405FF15F1B-scaled.jpg",2560,1705,false]},"_links":{"self":[{"href":"https:\/\/amis-parc-foret-orient.fr\/index.php\/wp-json\/wp\/v2\/posts\/5346","targetHints":{"allow":["GET"]}}],"collection":[{"href":"https:\/\/amis-parc-foret-orient.fr\/index.php\/wp-json\/wp\/v2\/posts"}],"about":[{"href":"https:\/\/amis-parc-foret-orient.fr\/index.php\/wp-json\/wp\/v2\/types\/post"}],"author":[{"embeddable":true,"href":"https:\/\/amis-parc-foret-orient.fr\/index.php\/wp-json\/wp\/v2\/users\/1"}],"replies":[{"embeddable":true,"href":"https:\/\/amis-parc-foret-orient.fr\/index.php\/wp-json\/wp\/v2\/comments?post=5346"}],"version-history":[{"count":0,"href":"https:\/\/amis-parc-foret-orient.fr\/index.php\/wp-json\/wp\/v2\/posts\/5346\/revisions"}],"wp:featuredmedia":[{"embeddable":true,"href":"https:\/\/amis-parc-foret-orient.fr\/index.php\/wp-json\/wp\/v2\/media\/5347"}],"wp:attachment":[{"href":"https:\/\/amis-parc-foret-orient.fr\/index.php\/wp-json\/wp\/v2\/media?parent=5346"}],"wp:term":[{"taxonomy":"category","embeddable":true,"href":"https:\/\/amis-parc-foret-orient.fr\/index.php\/wp-json\/wp\/v2\/categories?post=5346"},{"taxonomy":"post_tag","embeddable":true,"href":"https:\/\/amis-parc-foret-orient.fr\/index.php\/wp-json\/wp\/v2\/tags?post=5346"}],"curies":[{"name":"wp","href":"https:\/\/api.w.org\/{rel}","templated":true}]}}