{"id":5111,"date":"2025-01-01T12:13:00","date_gmt":"2025-01-01T11:13:00","guid":{"rendered":"https:\/\/amis-parc-foret-orient.fr\/?p=5111"},"modified":"2026-03-01T18:59:53","modified_gmt":"2026-03-01T17:59:53","slug":"les-amis-du-parc-au-marche-de-noel-de-thennelieres","status":"publish","type":"post","link":"https:\/\/amis-parc-foret-orient.fr\/index.php\/2025\/01\/01\/les-amis-du-parc-au-marche-de-noel-de-thennelieres\/","title":{"rendered":"<span>Samedi 13 d\u00e9cembre 2025<\/span>Les Amis du Parc au march\u00e9 de No\u00ebl de Thenneli\u00e8res"},"content":{"rendered":"\r\n<p>Les Amis du Parc \u00e9taient pr\u00e9sents sous la halle (derri\u00e8re la mairie) de Thenneli\u00e8res pour le march\u00e9 de No\u00ebl de la commune.<\/p>\r\n\r\n\r\n\r\n<p><!--more--><\/p>\r\n\r\n\r\n\r\n<p>Nous \u00e9tions pr\u00e9sents avec le pr\u00e9-programme 2026 et notre traditionnel vin chaud!<\/p>\r\n\r\n\r\n\r\n<p>Cette journ\u00e9e \u00e9tait organis\u00e9e par la municipalit\u00e9, en partenariat avec le Comit\u00e9 des F\u00eates de Thenneli\u00e8res, lequel a propos\u00e9 diverses animations (programme \u00e0 venir).<\/p>\r\n\r\n\r\n\r\n<p>Horaires : de 10h00 \u00e0 19h00.<\/p>\r\n\r\n\r\n\r\n<p>Lieu : halle polyvalente de Thenneli\u00e8res (derri\u00e8re la mairie situ\u00e9e au 7 rue du 14 juillet).<\/p>\r\n","protected":false},"excerpt":{"rendered":"<p>Les Amis du Parc \u00e9taient pr\u00e9sents sous la halle (derri\u00e8re la mairie) de Thenneli\u00e8res pour le march\u00e9 de No\u00ebl de la commune.<\/p>\n","protected":false},"author":1,"featured_media":5123,"comment_status":"closed","ping_status":"closed","sticky":false,"template":"","format":"standard","meta":{"footnotes":"","_wp_rev_ctl_limit":""},"categories":[260,21,252],"tags":[],"class_list":["post-5111","post","type-post","status-publish","format-standard","has-post-thumbnail","hentry","category-4eme-trimestre-2025","category-animations","category-animations-passees"],"yoast_head":"<!-- This site is optimized with the Yoast SEO plugin v27.5 - https:\/\/yoast.com\/product\/yoast-seo-wordpress\/ -->\n<title>Samedi 13 d\u00e9cembre 2025Les Amis du Parc au march\u00e9 de No\u00ebl de Thenneli\u00e8res - Les Amis du Parc de la For\u00eat d&#039;Orient<\/title>\n<meta name=\"robots\" content=\"index, follow, max-snippet:-1, max-image-preview:large, max-video-preview:-1\" \/>\n<link rel=\"canonical\" href=\"https:\/\/amis-parc-foret-orient.fr\/index.php\/2025\/01\/01\/les-amis-du-parc-au-marche-de-noel-de-thennelieres\/\" \/>\n<meta property=\"og:locale\" content=\"fr_FR\" \/>\n<meta property=\"og:type\" content=\"article\" \/>\n<meta property=\"og:title\" content=\"Samedi 13 d\u00e9cembre 2025Les Amis du Parc au march\u00e9 de No\u00ebl de Thenneli\u00e8res - Les Amis du Parc de la For\u00eat d&#039;Orient\" \/>\n<meta property=\"og:description\" content=\"Les Amis du Parc \u00e9taient pr\u00e9sents sous la halle (derri\u00e8re la mairie) de Thenneli\u00e8res pour le march\u00e9 de No\u00ebl de la commune.\" \/>\n<meta property=\"og:url\" content=\"https:\/\/amis-parc-foret-orient.fr\/index.php\/2025\/01\/01\/les-amis-du-parc-au-marche-de-noel-de-thennelieres\/\" \/>\n<meta property=\"og:site_name\" content=\"Les Amis du Parc de la For\u00eat d&#039;Orient\" \/>\n<meta property=\"article:publisher\" content=\"https:\/\/www.facebook.com\/Amis.du.Parc\/\" \/>\n<meta property=\"article:published_time\" content=\"2025-01-01T11:13:00+00:00\" \/>\n<meta property=\"article:modified_time\" content=\"2026-03-01T17:59:53+00:00\" \/>\n<meta property=\"og:image\" content=\"https:\/\/amis-parc-foret-orient.fr\/wp-content\/uploads\/2025\/01\/IMG_6095-redimensionnee.jpg\" \/>\n\t<meta property=\"og:image:width\" content=\"600\" \/>\n\t<meta property=\"og:image:height\" content=\"800\" \/>\n\t<meta property=\"og:image:type\" content=\"image\/jpeg\" \/>\n<meta name=\"author\" content=\"Katell\" \/>\n<meta name=\"twitter:card\" content=\"summary_large_image\" \/>\n<meta name=\"twitter:label1\" content=\"\u00c9crit par\" \/>\n\t<meta name=\"twitter:data1\" content=\"Katell\" \/>\n\t<meta name=\"twitter:label2\" content=\"Dur\u00e9e de lecture estim\u00e9e\" \/>\n\t<meta name=\"twitter:data2\" content=\"1 minute\" \/>\n<script type=\"application\/ld+json\" class=\"yoast-schema-graph\">{\"@context\":\"https:\\\/\\\/schema.org\",\"@graph\":[{\"@type\":\"Article\",\"@id\":\"https:\\\/\\\/amis-parc-foret-orient.fr\\\/index.php\\\/2025\\\/01\\\/01\\\/les-amis-du-parc-au-marche-de-noel-de-thennelieres\\\/#article\",\"isPartOf\":{\"@id\":\"https:\\\/\\\/amis-parc-foret-orient.fr\\\/index.php\\\/2025\\\/01\\\/01\\\/les-amis-du-parc-au-marche-de-noel-de-thennelieres\\\/\"},\"author\":{\"name\":\"Katell\",\"@id\":\"https:\\\/\\\/amis-parc-foret-orient.fr\\\/#\\\/schema\\\/person\\\/8961238e6b786153d305b90e6d96037f\"},\"headline\":\"Samedi 13 d\u00e9cembre 2025Les Amis du Parc au march\u00e9 de No\u00ebl de Thenneli\u00e8res\",\"datePublished\":\"2025-01-01T11:13:00+00:00\",\"dateModified\":\"2026-03-01T17:59:53+00:00\",\"mainEntityOfPage\":{\"@id\":\"https:\\\/\\\/amis-parc-foret-orient.fr\\\/index.php\\\/2025\\\/01\\\/01\\\/les-amis-du-parc-au-marche-de-noel-de-thennelieres\\\/\"},\"wordCount\":101,\"publisher\":{\"@id\":\"https:\\\/\\\/amis-parc-foret-orient.fr\\\/#organization\"},\"image\":{\"@id\":\"https:\\\/\\\/amis-parc-foret-orient.fr\\\/index.php\\\/2025\\\/01\\\/01\\\/les-amis-du-parc-au-marche-de-noel-de-thennelieres\\\/#primaryimage\"},\"thumbnailUrl\":\"https:\\\/\\\/amis-parc-foret-orient.fr\\\/wp-content\\\/uploads\\\/2025\\\/01\\\/IMG_6095-redimensionnee.jpg\",\"articleSection\":[\"4\u00e8me trimestre 2025\",\"Animations\",\"Animations pass\u00e9es\"],\"inLanguage\":\"fr-FR\"},{\"@type\":\"WebPage\",\"@id\":\"https:\\\/\\\/amis-parc-foret-orient.fr\\\/index.php\\\/2025\\\/01\\\/01\\\/les-amis-du-parc-au-marche-de-noel-de-thennelieres\\\/\",\"url\":\"https:\\\/\\\/amis-parc-foret-orient.fr\\\/index.php\\\/2025\\\/01\\\/01\\\/les-amis-du-parc-au-marche-de-noel-de-thennelieres\\\/\",\"name\":\"Samedi 13 d\u00e9cembre 2025Les Amis du Parc au march\u00e9 de No\u00ebl de Thenneli\u00e8res - Les Amis du Parc de la For\u00eat d&#039;Orient\",\"isPartOf\":{\"@id\":\"https:\\\/\\\/amis-parc-foret-orient.fr\\\/#website\"},\"primaryImageOfPage\":{\"@id\":\"https:\\\/\\\/amis-parc-foret-orient.fr\\\/index.php\\\/2025\\\/01\\\/01\\\/les-amis-du-parc-au-marche-de-noel-de-thennelieres\\\/#primaryimage\"},\"image\":{\"@id\":\"https:\\\/\\\/amis-parc-foret-orient.fr\\\/index.php\\\/2025\\\/01\\\/01\\\/les-amis-du-parc-au-marche-de-noel-de-thennelieres\\\/#primaryimage\"},\"thumbnailUrl\":\"https:\\\/\\\/amis-parc-foret-orient.fr\\\/wp-content\\\/uploads\\\/2025\\\/01\\\/IMG_6095-redimensionnee.jpg\",\"datePublished\":\"2025-01-01T11:13:00+00:00\",\"dateModified\":\"2026-03-01T17:59:53+00:00\",\"breadcrumb\":{\"@id\":\"https:\\\/\\\/amis-parc-foret-orient.fr\\\/index.php\\\/2025\\\/01\\\/01\\\/les-amis-du-parc-au-marche-de-noel-de-thennelieres\\\/#breadcrumb\"},\"inLanguage\":\"fr-FR\",\"potentialAction\":[{\"@type\":\"ReadAction\",\"target\":[\"https:\\\/\\\/amis-parc-foret-orient.fr\\\/index.php\\\/2025\\\/01\\\/01\\\/les-amis-du-parc-au-marche-de-noel-de-thennelieres\\\/\"]}]},{\"@type\":\"ImageObject\",\"inLanguage\":\"fr-FR\",\"@id\":\"https:\\\/\\\/amis-parc-foret-orient.fr\\\/index.php\\\/2025\\\/01\\\/01\\\/les-amis-du-parc-au-marche-de-noel-de-thennelieres\\\/#primaryimage\",\"url\":\"https:\\\/\\\/amis-parc-foret-orient.fr\\\/wp-content\\\/uploads\\\/2025\\\/01\\\/IMG_6095-redimensionnee.jpg\",\"contentUrl\":\"https:\\\/\\\/amis-parc-foret-orient.fr\\\/wp-content\\\/uploads\\\/2025\\\/01\\\/IMG_6095-redimensionnee.jpg\",\"width\":600,\"height\":800},{\"@type\":\"BreadcrumbList\",\"@id\":\"https:\\\/\\\/amis-parc-foret-orient.fr\\\/index.php\\\/2025\\\/01\\\/01\\\/les-amis-du-parc-au-marche-de-noel-de-thennelieres\\\/#breadcrumb\",\"itemListElement\":[{\"@type\":\"ListItem\",\"position\":1,\"name\":\"Home\",\"item\":\"https:\\\/\\\/amis-parc-foret-orient.fr\\\/\"},{\"@type\":\"ListItem\",\"position\":2,\"name\":\"Samedi 13 d\u00e9cembre 2025Les Amis du Parc au march\u00e9 de No\u00ebl de Thenneli\u00e8res\"}]},{\"@type\":\"WebSite\",\"@id\":\"https:\\\/\\\/amis-parc-foret-orient.fr\\\/#website\",\"url\":\"https:\\\/\\\/amis-parc-foret-orient.fr\\\/\",\"name\":\"Les Amis du Parc de la For\u00eat d'Orient\",\"description\":\"\",\"publisher\":{\"@id\":\"https:\\\/\\\/amis-parc-foret-orient.fr\\\/#organization\"},\"potentialAction\":[{\"@type\":\"SearchAction\",\"target\":{\"@type\":\"EntryPoint\",\"urlTemplate\":\"https:\\\/\\\/amis-parc-foret-orient.fr\\\/?s={search_term_string}\"},\"query-input\":{\"@type\":\"PropertyValueSpecification\",\"valueRequired\":true,\"valueName\":\"search_term_string\"}}],\"inLanguage\":\"fr-FR\"},{\"@type\":\"Organization\",\"@id\":\"https:\\\/\\\/amis-parc-foret-orient.fr\\\/#organization\",\"name\":\"Les Amis du Parc de la For\u00eat d'Orient\",\"url\":\"https:\\\/\\\/amis-parc-foret-orient.fr\\\/\",\"logo\":{\"@type\":\"ImageObject\",\"inLanguage\":\"fr-FR\",\"@id\":\"https:\\\/\\\/amis-parc-foret-orient.fr\\\/#\\\/schema\\\/logo\\\/image\\\/\",\"url\":\"https:\\\/\\\/amis-parc-foret-orient.fr\\\/wp-content\\\/uploads\\\/2025\\\/08\\\/cropped-logo_amis_parc_2025_150-1-1.png\",\"contentUrl\":\"https:\\\/\\\/amis-parc-foret-orient.fr\\\/wp-content\\\/uploads\\\/2025\\\/08\\\/cropped-logo_amis_parc_2025_150-1-1.png\",\"width\":400,\"height\":175,\"caption\":\"Les Amis du Parc de la For\u00eat d'Orient\"},\"image\":{\"@id\":\"https:\\\/\\\/amis-parc-foret-orient.fr\\\/#\\\/schema\\\/logo\\\/image\\\/\"},\"sameAs\":[\"https:\\\/\\\/www.facebook.com\\\/Amis.du.Parc\\\/\"]},{\"@type\":\"Person\",\"@id\":\"https:\\\/\\\/amis-parc-foret-orient.fr\\\/#\\\/schema\\\/person\\\/8961238e6b786153d305b90e6d96037f\",\"name\":\"Katell\",\"image\":{\"@type\":\"ImageObject\",\"inLanguage\":\"fr-FR\",\"@id\":\"https:\\\/\\\/secure.gravatar.com\\\/avatar\\\/e3d85f2f6ff53b0fa29c4f19018fd7eacf2d993b69093d04ab556e1a47b4910e?s=96&d=monsterid&r=g\",\"url\":\"https:\\\/\\\/secure.gravatar.com\\\/avatar\\\/e3d85f2f6ff53b0fa29c4f19018fd7eacf2d993b69093d04ab556e1a47b4910e?s=96&d=monsterid&r=g\",\"contentUrl\":\"https:\\\/\\\/secure.gravatar.com\\\/avatar\\\/e3d85f2f6ff53b0fa29c4f19018fd7eacf2d993b69093d04ab556e1a47b4910e?s=96&d=monsterid&r=g\",\"caption\":\"Katell\"},\"url\":\"https:\\\/\\\/amis-parc-foret-orient.fr\\\/index.php\\\/author\\\/ladpsn4-2-2-2-2-2-2-2-2-2-2\\\/\"}]}<\/script>\n<!-- \/ Yoast SEO plugin. -->","yoast_head_json":{"title":"Samedi 13 d\u00e9cembre 2025Les Amis du Parc au march\u00e9 de No\u00ebl de Thenneli\u00e8res - Les Amis du Parc de la For\u00eat d&#039;Orient","robots":{"index":"index","follow":"follow","max-snippet":"max-snippet:-1","max-image-preview":"max-image-preview:large","max-video-preview":"max-video-preview:-1"},"canonical":"https:\/\/amis-parc-foret-orient.fr\/index.php\/2025\/01\/01\/les-amis-du-parc-au-marche-de-noel-de-thennelieres\/","og_locale":"fr_FR","og_type":"article","og_title":"Samedi 13 d\u00e9cembre 2025Les Amis du Parc au march\u00e9 de No\u00ebl de Thenneli\u00e8res - Les Amis du Parc de la For\u00eat d&#039;Orient","og_description":"Les Amis du Parc \u00e9taient pr\u00e9sents sous la halle (derri\u00e8re la mairie) de Thenneli\u00e8res pour le march\u00e9 de No\u00ebl de la commune.","og_url":"https:\/\/amis-parc-foret-orient.fr\/index.php\/2025\/01\/01\/les-amis-du-parc-au-marche-de-noel-de-thennelieres\/","og_site_name":"Les Amis du Parc de la For\u00eat d&#039;Orient","article_publisher":"https:\/\/www.facebook.com\/Amis.du.Parc\/","article_published_time":"2025-01-01T11:13:00+00:00","article_modified_time":"2026-03-01T17:59:53+00:00","og_image":[{"width":600,"height":800,"url":"https:\/\/amis-parc-foret-orient.fr\/wp-content\/uploads\/2025\/01\/IMG_6095-redimensionnee.jpg","type":"image\/jpeg"}],"author":"Katell","twitter_card":"summary_large_image","twitter_misc":{"\u00c9crit par":"Katell","Dur\u00e9e de lecture estim\u00e9e":"1 minute"},"schema":{"@context":"https:\/\/schema.org","@graph":[{"@type":"Article","@id":"https:\/\/amis-parc-foret-orient.fr\/index.php\/2025\/01\/01\/les-amis-du-parc-au-marche-de-noel-de-thennelieres\/#article","isPartOf":{"@id":"https:\/\/amis-parc-foret-orient.fr\/index.php\/2025\/01\/01\/les-amis-du-parc-au-marche-de-noel-de-thennelieres\/"},"author":{"name":"Katell","@id":"https:\/\/amis-parc-foret-orient.fr\/#\/schema\/person\/8961238e6b786153d305b90e6d96037f"},"headline":"Samedi 13 d\u00e9cembre 2025Les Amis du Parc au march\u00e9 de No\u00ebl de Thenneli\u00e8res","datePublished":"2025-01-01T11:13:00+00:00","dateModified":"2026-03-01T17:59:53+00:00","mainEntityOfPage":{"@id":"https:\/\/amis-parc-foret-orient.fr\/index.php\/2025\/01\/01\/les-amis-du-parc-au-marche-de-noel-de-thennelieres\/"},"wordCount":101,"publisher":{"@id":"https:\/\/amis-parc-foret-orient.fr\/#organization"},"image":{"@id":"https:\/\/amis-parc-foret-orient.fr\/index.php\/2025\/01\/01\/les-amis-du-parc-au-marche-de-noel-de-thennelieres\/#primaryimage"},"thumbnailUrl":"https:\/\/amis-parc-foret-orient.fr\/wp-content\/uploads\/2025\/01\/IMG_6095-redimensionnee.jpg","articleSection":["4\u00e8me trimestre 2025","Animations","Animations pass\u00e9es"],"inLanguage":"fr-FR"},{"@type":"WebPage","@id":"https:\/\/amis-parc-foret-orient.fr\/index.php\/2025\/01\/01\/les-amis-du-parc-au-marche-de-noel-de-thennelieres\/","url":"https:\/\/amis-parc-foret-orient.fr\/index.php\/2025\/01\/01\/les-amis-du-parc-au-marche-de-noel-de-thennelieres\/","name":"Samedi 13 d\u00e9cembre 2025Les Amis du Parc au march\u00e9 de No\u00ebl de Thenneli\u00e8res - Les Amis du Parc de la For\u00eat d&#039;Orient","isPartOf":{"@id":"https:\/\/amis-parc-foret-orient.fr\/#website"},"primaryImageOfPage":{"@id":"https:\/\/amis-parc-foret-orient.fr\/index.php\/2025\/01\/01\/les-amis-du-parc-au-marche-de-noel-de-thennelieres\/#primaryimage"},"image":{"@id":"https:\/\/amis-parc-foret-orient.fr\/index.php\/2025\/01\/01\/les-amis-du-parc-au-marche-de-noel-de-thennelieres\/#primaryimage"},"thumbnailUrl":"https:\/\/amis-parc-foret-orient.fr\/wp-content\/uploads\/2025\/01\/IMG_6095-redimensionnee.jpg","datePublished":"2025-01-01T11:13:00+00:00","dateModified":"2026-03-01T17:59:53+00:00","breadcrumb":{"@id":"https:\/\/amis-parc-foret-orient.fr\/index.php\/2025\/01\/01\/les-amis-du-parc-au-marche-de-noel-de-thennelieres\/#breadcrumb"},"inLanguage":"fr-FR","potentialAction":[{"@type":"ReadAction","target":["https:\/\/amis-parc-foret-orient.fr\/index.php\/2025\/01\/01\/les-amis-du-parc-au-marche-de-noel-de-thennelieres\/"]}]},{"@type":"ImageObject","inLanguage":"fr-FR","@id":"https:\/\/amis-parc-foret-orient.fr\/index.php\/2025\/01\/01\/les-amis-du-parc-au-marche-de-noel-de-thennelieres\/#primaryimage","url":"https:\/\/amis-parc-foret-orient.fr\/wp-content\/uploads\/2025\/01\/IMG_6095-redimensionnee.jpg","contentUrl":"https:\/\/amis-parc-foret-orient.fr\/wp-content\/uploads\/2025\/01\/IMG_6095-redimensionnee.jpg","width":600,"height":800},{"@type":"BreadcrumbList","@id":"https:\/\/amis-parc-foret-orient.fr\/index.php\/2025\/01\/01\/les-amis-du-parc-au-marche-de-noel-de-thennelieres\/#breadcrumb","itemListElement":[{"@type":"ListItem","position":1,"name":"Home","item":"https:\/\/amis-parc-foret-orient.fr\/"},{"@type":"ListItem","position":2,"name":"Samedi 13 d\u00e9cembre 2025Les Amis du Parc au march\u00e9 de No\u00ebl de Thenneli\u00e8res"}]},{"@type":"WebSite","@id":"https:\/\/amis-parc-foret-orient.fr\/#website","url":"https:\/\/amis-parc-foret-orient.fr\/","name":"Les Amis du Parc de la For\u00eat d'Orient","description":"","publisher":{"@id":"https:\/\/amis-parc-foret-orient.fr\/#organization"},"potentialAction":[{"@type":"SearchAction","target":{"@type":"EntryPoint","urlTemplate":"https:\/\/amis-parc-foret-orient.fr\/?s={search_term_string}"},"query-input":{"@type":"PropertyValueSpecification","valueRequired":true,"valueName":"search_term_string"}}],"inLanguage":"fr-FR"},{"@type":"Organization","@id":"https:\/\/amis-parc-foret-orient.fr\/#organization","name":"Les Amis du Parc de la For\u00eat d'Orient","url":"https:\/\/amis-parc-foret-orient.fr\/","logo":{"@type":"ImageObject","inLanguage":"fr-FR","@id":"https:\/\/amis-parc-foret-orient.fr\/#\/schema\/logo\/image\/","url":"https:\/\/amis-parc-foret-orient.fr\/wp-content\/uploads\/2025\/08\/cropped-logo_amis_parc_2025_150-1-1.png","contentUrl":"https:\/\/amis-parc-foret-orient.fr\/wp-content\/uploads\/2025\/08\/cropped-logo_amis_parc_2025_150-1-1.png","width":400,"height":175,"caption":"Les Amis du Parc de la For\u00eat d'Orient"},"image":{"@id":"https:\/\/amis-parc-foret-orient.fr\/#\/schema\/logo\/image\/"},"sameAs":["https:\/\/www.facebook.com\/Amis.du.Parc\/"]},{"@type":"Person","@id":"https:\/\/amis-parc-foret-orient.fr\/#\/schema\/person\/8961238e6b786153d305b90e6d96037f","name":"Katell","image":{"@type":"ImageObject","inLanguage":"fr-FR","@id":"https:\/\/secure.gravatar.com\/avatar\/e3d85f2f6ff53b0fa29c4f19018fd7eacf2d993b69093d04ab556e1a47b4910e?s=96&d=monsterid&r=g","url":"https:\/\/secure.gravatar.com\/avatar\/e3d85f2f6ff53b0fa29c4f19018fd7eacf2d993b69093d04ab556e1a47b4910e?s=96&d=monsterid&r=g","contentUrl":"https:\/\/secure.gravatar.com\/avatar\/e3d85f2f6ff53b0fa29c4f19018fd7eacf2d993b69093d04ab556e1a47b4910e?s=96&d=monsterid&r=g","caption":"Katell"},"url":"https:\/\/amis-parc-foret-orient.fr\/index.php\/author\/ladpsn4-2-2-2-2-2-2-2-2-2-2\/"}]}},"blog_post_layout_featured_media_urls":{"thumbnail":["https:\/\/amis-parc-foret-orient.fr\/wp-content\/uploads\/2025\/01\/IMG_6095-redimensionnee-150x150.jpg",150,150,true],"full":["https:\/\/amis-parc-foret-orient.fr\/wp-content\/uploads\/2025\/01\/IMG_6095-redimensionnee.jpg",600,800,false]},"categories_names":{"260":{"name":"4\u00e8me trimestre 2025","link":"https:\/\/amis-parc-foret-orient.fr\/index.php\/category\/animations\/archives\/4eme-trimestre-2025\/"},"21":{"name":"Animations","link":"https:\/\/amis-parc-foret-orient.fr\/index.php\/category\/animations\/"},"252":{"name":"Animations pass\u00e9es","link":"https:\/\/amis-parc-foret-orient.fr\/index.php\/category\/animations\/animations-passees\/"}},"tags_names":[],"comments_number":"0","wpmagazine_modules_lite_featured_media_urls":{"thumbnail":["https:\/\/amis-parc-foret-orient.fr\/wp-content\/uploads\/2025\/01\/IMG_6095-redimensionnee-150x150.jpg",150,150,true],"cvmm-medium":["https:\/\/amis-parc-foret-orient.fr\/wp-content\/uploads\/2025\/01\/IMG_6095-redimensionnee-300x300.jpg",300,300,true],"cvmm-medium-plus":["https:\/\/amis-parc-foret-orient.fr\/wp-content\/uploads\/2025\/01\/IMG_6095-redimensionnee-305x207.jpg",305,207,true],"cvmm-portrait":["https:\/\/amis-parc-foret-orient.fr\/wp-content\/uploads\/2025\/01\/IMG_6095-redimensionnee-400x600.jpg",400,600,true],"cvmm-medium-square":["https:\/\/amis-parc-foret-orient.fr\/wp-content\/uploads\/2025\/01\/IMG_6095-redimensionnee-600x600.jpg",600,600,true],"cvmm-large":["https:\/\/amis-parc-foret-orient.fr\/wp-content\/uploads\/2025\/01\/IMG_6095-redimensionnee.jpg",600,800,false],"cvmm-small":["https:\/\/amis-parc-foret-orient.fr\/wp-content\/uploads\/2025\/01\/IMG_6095-redimensionnee-130x95.jpg",130,95,true],"full":["https:\/\/amis-parc-foret-orient.fr\/wp-content\/uploads\/2025\/01\/IMG_6095-redimensionnee.jpg",600,800,false]},"_links":{"self":[{"href":"https:\/\/amis-parc-foret-orient.fr\/index.php\/wp-json\/wp\/v2\/posts\/5111","targetHints":{"allow":["GET"]}}],"collection":[{"href":"https:\/\/amis-parc-foret-orient.fr\/index.php\/wp-json\/wp\/v2\/posts"}],"about":[{"href":"https:\/\/amis-parc-foret-orient.fr\/index.php\/wp-json\/wp\/v2\/types\/post"}],"author":[{"embeddable":true,"href":"https:\/\/amis-parc-foret-orient.fr\/index.php\/wp-json\/wp\/v2\/users\/1"}],"replies":[{"embeddable":true,"href":"https:\/\/amis-parc-foret-orient.fr\/index.php\/wp-json\/wp\/v2\/comments?post=5111"}],"version-history":[{"count":0,"href":"https:\/\/amis-parc-foret-orient.fr\/index.php\/wp-json\/wp\/v2\/posts\/5111\/revisions"}],"wp:featuredmedia":[{"embeddable":true,"href":"https:\/\/amis-parc-foret-orient.fr\/index.php\/wp-json\/wp\/v2\/media\/5123"}],"wp:attachment":[{"href":"https:\/\/amis-parc-foret-orient.fr\/index.php\/wp-json\/wp\/v2\/media?parent=5111"}],"wp:term":[{"taxonomy":"category","embeddable":true,"href":"https:\/\/amis-parc-foret-orient.fr\/index.php\/wp-json\/wp\/v2\/categories?post=5111"},{"taxonomy":"post_tag","embeddable":true,"href":"https:\/\/amis-parc-foret-orient.fr\/index.php\/wp-json\/wp\/v2\/tags?post=5111"}],"curies":[{"name":"wp","href":"https:\/\/api.w.org\/{rel}","templated":true}]}}