{"id":5057,"date":"2025-01-01T11:16:00","date_gmt":"2025-01-01T10:16:00","guid":{"rendered":"https:\/\/amis-parc-foret-orient.fr\/?p=5057"},"modified":"2025-11-18T17:19:24","modified_gmt":"2025-11-18T16:19:24","slug":"dimanche-16-novembre-2025-conference-evenement-du-sol-au-climat-par-marc-andre-selosse","status":"publish","type":"post","link":"https:\/\/amis-parc-foret-orient.fr\/index.php\/2025\/01\/01\/dimanche-16-novembre-2025-conference-evenement-du-sol-au-climat-par-marc-andre-selosse\/","title":{"rendered":"Dimanche 16 novembre 2025 &#8211; Conf\u00e9rence-\u00e9v\u00e9nement \u00ab\u00a0Du sol au climat\u00a0\u00bb par Marc-Andr\u00e9 Selosse"},"content":{"rendered":"\n<p>L\u2019association des Amis du Parc naturel r\u00e9gional de la For\u00eat d\u2019Orient a eu le plaisir d&rsquo;accueillir Marc-Andr\u00e9 Selosse pour une conf\u00e9rence \u00e0 Piney le dimanche 16 novembre 2025. Ce sont 120 personnes qui ont r\u00e9pondu pr\u00e9sentes et manifest\u00e9 leur int\u00e9r\u00eat.<\/p>\n\n\n\n<!--more-->\n\n\n\n<p>\u00ab\u00a0<em>Le sol est habit\u00e9 par de multiples organismes vivants. Ils font la vie. En particulier, ils font le climat, de la pr\u00e9sence de l\u2019eau parmi nous \u00e0 l\u2019effet de serre. Venez d\u00e9couvrir notre meilleur outil pour g\u00e9rer le changement climatique !<\/em> \u00bb.<\/p>\n\n\n\n<p>Marc-Andr\u00e9 Selosse est une figure incontournable de la biologie contemporaine. Professeur du Mus\u00e9um national d&rsquo;Histoire naturelle et \u00e0 l&rsquo;Institut Universitaire de France, sp\u00e9cialiste en botanique et en mycologie, il explore les associations mutualistes (symbioses), liens invisibles entre plantes, microbes, \u00e9cologie et \u00e9volution.<\/p>\n\n\n\n<p>Il est l\u2019auteur de plusieurs ouvrages de r\u00e9f\u00e9rence, parmi lesquels Jamais seul (2017), Les Go\u00fbts et les Couleurs du monde (2019), L\u2019Origine du monde (2021) ou encore Nature et Pr\u00e9jug\u00e9s (2024).<\/p>\n\n\n\n<p><strong><br>D\u00e9but de la conf\u00e9rence \u00e0 15h00 \u00e0 la salle polyvalente de Piney <\/strong>(ouverture des portes \u00e0 14h30).<\/p>\n\n\n\n<p>Billetterie sur place.<\/p>\n\n\n\n<p><em>Participation&nbsp;: 5 euros \/ 3 euros pour les adh\u00e9rents Amis du PNRFO \/ gratuit pour les moins de 16 ans.<\/em><\/p>\n","protected":false},"excerpt":{"rendered":"<p>L\u2019association des Amis du Parc naturel r\u00e9gional de la For\u00eat d\u2019Orient a eu le plaisir d&rsquo;accueillir Marc-Andr\u00e9 Selosse pour une conf\u00e9rence \u00e0 Piney le dimanche 16 novembre 2025. Ce sont 120 personnes qui ont r\u00e9pondu pr\u00e9sentes et manifest\u00e9 leur int\u00e9r\u00eat.<\/p>\n","protected":false},"author":1,"featured_media":5080,"comment_status":"closed","ping_status":"closed","sticky":false,"template":"","format":"standard","meta":{"footnotes":"","_wp_rev_ctl_limit":""},"categories":[260,252],"tags":[],"class_list":["post-5057","post","type-post","status-publish","format-standard","has-post-thumbnail","hentry","category-4eme-trimestre-2025","category-animations-passees"],"yoast_head":"<!-- This site is optimized with the Yoast SEO plugin v27.5 - https:\/\/yoast.com\/product\/yoast-seo-wordpress\/ -->\n<title>Dimanche 16 novembre 2025 - Conf\u00e9rence-\u00e9v\u00e9nement \u00ab\u00a0Du sol au climat\u00a0\u00bb par Marc-Andr\u00e9 Selosse - Les Amis du Parc de la For\u00eat d&#039;Orient<\/title>\n<meta name=\"robots\" content=\"index, follow, max-snippet:-1, max-image-preview:large, max-video-preview:-1\" \/>\n<link rel=\"canonical\" href=\"https:\/\/amis-parc-foret-orient.fr\/index.php\/2025\/01\/01\/dimanche-16-novembre-2025-conference-evenement-du-sol-au-climat-par-marc-andre-selosse\/\" \/>\n<meta property=\"og:locale\" content=\"fr_FR\" \/>\n<meta property=\"og:type\" content=\"article\" \/>\n<meta property=\"og:title\" content=\"Dimanche 16 novembre 2025 - Conf\u00e9rence-\u00e9v\u00e9nement \u00ab\u00a0Du sol au climat\u00a0\u00bb par Marc-Andr\u00e9 Selosse - Les Amis du Parc de la For\u00eat d&#039;Orient\" \/>\n<meta property=\"og:description\" content=\"L\u2019association des Amis du Parc naturel r\u00e9gional de la For\u00eat d\u2019Orient a eu le plaisir d&rsquo;accueillir Marc-Andr\u00e9 Selosse pour une conf\u00e9rence \u00e0 Piney le dimanche 16 novembre 2025. Ce sont 120 personnes qui ont r\u00e9pondu pr\u00e9sentes et manifest\u00e9 leur int\u00e9r\u00eat.\" \/>\n<meta property=\"og:url\" content=\"https:\/\/amis-parc-foret-orient.fr\/index.php\/2025\/01\/01\/dimanche-16-novembre-2025-conference-evenement-du-sol-au-climat-par-marc-andre-selosse\/\" \/>\n<meta property=\"og:site_name\" content=\"Les Amis du Parc de la For\u00eat d&#039;Orient\" \/>\n<meta property=\"article:publisher\" content=\"https:\/\/www.facebook.com\/Amis.du.Parc\/\" \/>\n<meta property=\"article:published_time\" content=\"2025-01-01T10:16:00+00:00\" \/>\n<meta property=\"article:modified_time\" content=\"2025-11-18T16:19:24+00:00\" \/>\n<meta property=\"og:image\" content=\"https:\/\/amis-parc-foret-orient.fr\/wp-content\/uploads\/2025\/11\/affiche-conference-MA-Selosse-du-sol-au-climat-16-11-2025-Piney-AAPNRFO-compressee-et-redimensionnee.jpg\" \/>\n\t<meta property=\"og:image:width\" content=\"425\" \/>\n\t<meta property=\"og:image:height\" content=\"600\" \/>\n\t<meta property=\"og:image:type\" content=\"image\/jpeg\" \/>\n<meta name=\"author\" content=\"Katell\" \/>\n<meta name=\"twitter:card\" content=\"summary_large_image\" \/>\n<meta name=\"twitter:label1\" content=\"\u00c9crit par\" \/>\n\t<meta name=\"twitter:data1\" content=\"Katell\" \/>\n\t<meta name=\"twitter:label2\" content=\"Dur\u00e9e de lecture estim\u00e9e\" \/>\n\t<meta name=\"twitter:data2\" content=\"2 minutes\" \/>\n<script type=\"application\/ld+json\" class=\"yoast-schema-graph\">{\"@context\":\"https:\\\/\\\/schema.org\",\"@graph\":[{\"@type\":\"Article\",\"@id\":\"https:\\\/\\\/amis-parc-foret-orient.fr\\\/index.php\\\/2025\\\/01\\\/01\\\/dimanche-16-novembre-2025-conference-evenement-du-sol-au-climat-par-marc-andre-selosse\\\/#article\",\"isPartOf\":{\"@id\":\"https:\\\/\\\/amis-parc-foret-orient.fr\\\/index.php\\\/2025\\\/01\\\/01\\\/dimanche-16-novembre-2025-conference-evenement-du-sol-au-climat-par-marc-andre-selosse\\\/\"},\"author\":{\"name\":\"Katell\",\"@id\":\"https:\\\/\\\/amis-parc-foret-orient.fr\\\/#\\\/schema\\\/person\\\/8961238e6b786153d305b90e6d96037f\"},\"headline\":\"Dimanche 16 novembre 2025 &#8211; Conf\u00e9rence-\u00e9v\u00e9nement \u00ab\u00a0Du sol au climat\u00a0\u00bb par Marc-Andr\u00e9 Selosse\",\"datePublished\":\"2025-01-01T10:16:00+00:00\",\"dateModified\":\"2025-11-18T16:19:24+00:00\",\"mainEntityOfPage\":{\"@id\":\"https:\\\/\\\/amis-parc-foret-orient.fr\\\/index.php\\\/2025\\\/01\\\/01\\\/dimanche-16-novembre-2025-conference-evenement-du-sol-au-climat-par-marc-andre-selosse\\\/\"},\"wordCount\":219,\"publisher\":{\"@id\":\"https:\\\/\\\/amis-parc-foret-orient.fr\\\/#organization\"},\"image\":{\"@id\":\"https:\\\/\\\/amis-parc-foret-orient.fr\\\/index.php\\\/2025\\\/01\\\/01\\\/dimanche-16-novembre-2025-conference-evenement-du-sol-au-climat-par-marc-andre-selosse\\\/#primaryimage\"},\"thumbnailUrl\":\"https:\\\/\\\/amis-parc-foret-orient.fr\\\/wp-content\\\/uploads\\\/2025\\\/11\\\/affiche-conference-MA-Selosse-du-sol-au-climat-16-11-2025-Piney-AAPNRFO-compressee-et-redimensionnee.jpg\",\"articleSection\":[\"4\u00e8me trimestre 2025\",\"Animations pass\u00e9es\"],\"inLanguage\":\"fr-FR\"},{\"@type\":\"WebPage\",\"@id\":\"https:\\\/\\\/amis-parc-foret-orient.fr\\\/index.php\\\/2025\\\/01\\\/01\\\/dimanche-16-novembre-2025-conference-evenement-du-sol-au-climat-par-marc-andre-selosse\\\/\",\"url\":\"https:\\\/\\\/amis-parc-foret-orient.fr\\\/index.php\\\/2025\\\/01\\\/01\\\/dimanche-16-novembre-2025-conference-evenement-du-sol-au-climat-par-marc-andre-selosse\\\/\",\"name\":\"Dimanche 16 novembre 2025 - Conf\u00e9rence-\u00e9v\u00e9nement \u00ab\u00a0Du sol au climat\u00a0\u00bb par Marc-Andr\u00e9 Selosse - Les Amis du Parc de la For\u00eat d&#039;Orient\",\"isPartOf\":{\"@id\":\"https:\\\/\\\/amis-parc-foret-orient.fr\\\/#website\"},\"primaryImageOfPage\":{\"@id\":\"https:\\\/\\\/amis-parc-foret-orient.fr\\\/index.php\\\/2025\\\/01\\\/01\\\/dimanche-16-novembre-2025-conference-evenement-du-sol-au-climat-par-marc-andre-selosse\\\/#primaryimage\"},\"image\":{\"@id\":\"https:\\\/\\\/amis-parc-foret-orient.fr\\\/index.php\\\/2025\\\/01\\\/01\\\/dimanche-16-novembre-2025-conference-evenement-du-sol-au-climat-par-marc-andre-selosse\\\/#primaryimage\"},\"thumbnailUrl\":\"https:\\\/\\\/amis-parc-foret-orient.fr\\\/wp-content\\\/uploads\\\/2025\\\/11\\\/affiche-conference-MA-Selosse-du-sol-au-climat-16-11-2025-Piney-AAPNRFO-compressee-et-redimensionnee.jpg\",\"datePublished\":\"2025-01-01T10:16:00+00:00\",\"dateModified\":\"2025-11-18T16:19:24+00:00\",\"breadcrumb\":{\"@id\":\"https:\\\/\\\/amis-parc-foret-orient.fr\\\/index.php\\\/2025\\\/01\\\/01\\\/dimanche-16-novembre-2025-conference-evenement-du-sol-au-climat-par-marc-andre-selosse\\\/#breadcrumb\"},\"inLanguage\":\"fr-FR\",\"potentialAction\":[{\"@type\":\"ReadAction\",\"target\":[\"https:\\\/\\\/amis-parc-foret-orient.fr\\\/index.php\\\/2025\\\/01\\\/01\\\/dimanche-16-novembre-2025-conference-evenement-du-sol-au-climat-par-marc-andre-selosse\\\/\"]}]},{\"@type\":\"ImageObject\",\"inLanguage\":\"fr-FR\",\"@id\":\"https:\\\/\\\/amis-parc-foret-orient.fr\\\/index.php\\\/2025\\\/01\\\/01\\\/dimanche-16-novembre-2025-conference-evenement-du-sol-au-climat-par-marc-andre-selosse\\\/#primaryimage\",\"url\":\"https:\\\/\\\/amis-parc-foret-orient.fr\\\/wp-content\\\/uploads\\\/2025\\\/11\\\/affiche-conference-MA-Selosse-du-sol-au-climat-16-11-2025-Piney-AAPNRFO-compressee-et-redimensionnee.jpg\",\"contentUrl\":\"https:\\\/\\\/amis-parc-foret-orient.fr\\\/wp-content\\\/uploads\\\/2025\\\/11\\\/affiche-conference-MA-Selosse-du-sol-au-climat-16-11-2025-Piney-AAPNRFO-compressee-et-redimensionnee.jpg\",\"width\":425,\"height\":600},{\"@type\":\"BreadcrumbList\",\"@id\":\"https:\\\/\\\/amis-parc-foret-orient.fr\\\/index.php\\\/2025\\\/01\\\/01\\\/dimanche-16-novembre-2025-conference-evenement-du-sol-au-climat-par-marc-andre-selosse\\\/#breadcrumb\",\"itemListElement\":[{\"@type\":\"ListItem\",\"position\":1,\"name\":\"Home\",\"item\":\"https:\\\/\\\/amis-parc-foret-orient.fr\\\/\"},{\"@type\":\"ListItem\",\"position\":2,\"name\":\"Dimanche 16 novembre 2025 &#8211; Conf\u00e9rence-\u00e9v\u00e9nement \u00ab\u00a0Du sol au climat\u00a0\u00bb par Marc-Andr\u00e9 Selosse\"}]},{\"@type\":\"WebSite\",\"@id\":\"https:\\\/\\\/amis-parc-foret-orient.fr\\\/#website\",\"url\":\"https:\\\/\\\/amis-parc-foret-orient.fr\\\/\",\"name\":\"Les Amis du Parc de la For\u00eat d'Orient\",\"description\":\"\",\"publisher\":{\"@id\":\"https:\\\/\\\/amis-parc-foret-orient.fr\\\/#organization\"},\"potentialAction\":[{\"@type\":\"SearchAction\",\"target\":{\"@type\":\"EntryPoint\",\"urlTemplate\":\"https:\\\/\\\/amis-parc-foret-orient.fr\\\/?s={search_term_string}\"},\"query-input\":{\"@type\":\"PropertyValueSpecification\",\"valueRequired\":true,\"valueName\":\"search_term_string\"}}],\"inLanguage\":\"fr-FR\"},{\"@type\":\"Organization\",\"@id\":\"https:\\\/\\\/amis-parc-foret-orient.fr\\\/#organization\",\"name\":\"Les Amis du Parc de la For\u00eat d'Orient\",\"url\":\"https:\\\/\\\/amis-parc-foret-orient.fr\\\/\",\"logo\":{\"@type\":\"ImageObject\",\"inLanguage\":\"fr-FR\",\"@id\":\"https:\\\/\\\/amis-parc-foret-orient.fr\\\/#\\\/schema\\\/logo\\\/image\\\/\",\"url\":\"https:\\\/\\\/amis-parc-foret-orient.fr\\\/wp-content\\\/uploads\\\/2025\\\/08\\\/cropped-logo_amis_parc_2025_150-1-1.png\",\"contentUrl\":\"https:\\\/\\\/amis-parc-foret-orient.fr\\\/wp-content\\\/uploads\\\/2025\\\/08\\\/cropped-logo_amis_parc_2025_150-1-1.png\",\"width\":400,\"height\":175,\"caption\":\"Les Amis du Parc de la For\u00eat d'Orient\"},\"image\":{\"@id\":\"https:\\\/\\\/amis-parc-foret-orient.fr\\\/#\\\/schema\\\/logo\\\/image\\\/\"},\"sameAs\":[\"https:\\\/\\\/www.facebook.com\\\/Amis.du.Parc\\\/\"]},{\"@type\":\"Person\",\"@id\":\"https:\\\/\\\/amis-parc-foret-orient.fr\\\/#\\\/schema\\\/person\\\/8961238e6b786153d305b90e6d96037f\",\"name\":\"Katell\",\"image\":{\"@type\":\"ImageObject\",\"inLanguage\":\"fr-FR\",\"@id\":\"https:\\\/\\\/secure.gravatar.com\\\/avatar\\\/e3d85f2f6ff53b0fa29c4f19018fd7eacf2d993b69093d04ab556e1a47b4910e?s=96&d=monsterid&r=g\",\"url\":\"https:\\\/\\\/secure.gravatar.com\\\/avatar\\\/e3d85f2f6ff53b0fa29c4f19018fd7eacf2d993b69093d04ab556e1a47b4910e?s=96&d=monsterid&r=g\",\"contentUrl\":\"https:\\\/\\\/secure.gravatar.com\\\/avatar\\\/e3d85f2f6ff53b0fa29c4f19018fd7eacf2d993b69093d04ab556e1a47b4910e?s=96&d=monsterid&r=g\",\"caption\":\"Katell\"},\"url\":\"https:\\\/\\\/amis-parc-foret-orient.fr\\\/index.php\\\/author\\\/ladpsn4-2-2-2-2-2-2-2-2-2-2\\\/\"}]}<\/script>\n<!-- \/ Yoast SEO plugin. -->","yoast_head_json":{"title":"Dimanche 16 novembre 2025 - Conf\u00e9rence-\u00e9v\u00e9nement \u00ab\u00a0Du sol au climat\u00a0\u00bb par Marc-Andr\u00e9 Selosse - Les Amis du Parc de la For\u00eat d&#039;Orient","robots":{"index":"index","follow":"follow","max-snippet":"max-snippet:-1","max-image-preview":"max-image-preview:large","max-video-preview":"max-video-preview:-1"},"canonical":"https:\/\/amis-parc-foret-orient.fr\/index.php\/2025\/01\/01\/dimanche-16-novembre-2025-conference-evenement-du-sol-au-climat-par-marc-andre-selosse\/","og_locale":"fr_FR","og_type":"article","og_title":"Dimanche 16 novembre 2025 - Conf\u00e9rence-\u00e9v\u00e9nement \u00ab\u00a0Du sol au climat\u00a0\u00bb par Marc-Andr\u00e9 Selosse - Les Amis du Parc de la For\u00eat d&#039;Orient","og_description":"L\u2019association des Amis du Parc naturel r\u00e9gional de la For\u00eat d\u2019Orient a eu le plaisir d&rsquo;accueillir Marc-Andr\u00e9 Selosse pour une conf\u00e9rence \u00e0 Piney le dimanche 16 novembre 2025. Ce sont 120 personnes qui ont r\u00e9pondu pr\u00e9sentes et manifest\u00e9 leur int\u00e9r\u00eat.","og_url":"https:\/\/amis-parc-foret-orient.fr\/index.php\/2025\/01\/01\/dimanche-16-novembre-2025-conference-evenement-du-sol-au-climat-par-marc-andre-selosse\/","og_site_name":"Les Amis du Parc de la For\u00eat d&#039;Orient","article_publisher":"https:\/\/www.facebook.com\/Amis.du.Parc\/","article_published_time":"2025-01-01T10:16:00+00:00","article_modified_time":"2025-11-18T16:19:24+00:00","og_image":[{"width":425,"height":600,"url":"https:\/\/amis-parc-foret-orient.fr\/wp-content\/uploads\/2025\/11\/affiche-conference-MA-Selosse-du-sol-au-climat-16-11-2025-Piney-AAPNRFO-compressee-et-redimensionnee.jpg","type":"image\/jpeg"}],"author":"Katell","twitter_card":"summary_large_image","twitter_misc":{"\u00c9crit par":"Katell","Dur\u00e9e de lecture estim\u00e9e":"2 minutes"},"schema":{"@context":"https:\/\/schema.org","@graph":[{"@type":"Article","@id":"https:\/\/amis-parc-foret-orient.fr\/index.php\/2025\/01\/01\/dimanche-16-novembre-2025-conference-evenement-du-sol-au-climat-par-marc-andre-selosse\/#article","isPartOf":{"@id":"https:\/\/amis-parc-foret-orient.fr\/index.php\/2025\/01\/01\/dimanche-16-novembre-2025-conference-evenement-du-sol-au-climat-par-marc-andre-selosse\/"},"author":{"name":"Katell","@id":"https:\/\/amis-parc-foret-orient.fr\/#\/schema\/person\/8961238e6b786153d305b90e6d96037f"},"headline":"Dimanche 16 novembre 2025 &#8211; Conf\u00e9rence-\u00e9v\u00e9nement \u00ab\u00a0Du sol au climat\u00a0\u00bb par Marc-Andr\u00e9 Selosse","datePublished":"2025-01-01T10:16:00+00:00","dateModified":"2025-11-18T16:19:24+00:00","mainEntityOfPage":{"@id":"https:\/\/amis-parc-foret-orient.fr\/index.php\/2025\/01\/01\/dimanche-16-novembre-2025-conference-evenement-du-sol-au-climat-par-marc-andre-selosse\/"},"wordCount":219,"publisher":{"@id":"https:\/\/amis-parc-foret-orient.fr\/#organization"},"image":{"@id":"https:\/\/amis-parc-foret-orient.fr\/index.php\/2025\/01\/01\/dimanche-16-novembre-2025-conference-evenement-du-sol-au-climat-par-marc-andre-selosse\/#primaryimage"},"thumbnailUrl":"https:\/\/amis-parc-foret-orient.fr\/wp-content\/uploads\/2025\/11\/affiche-conference-MA-Selosse-du-sol-au-climat-16-11-2025-Piney-AAPNRFO-compressee-et-redimensionnee.jpg","articleSection":["4\u00e8me trimestre 2025","Animations pass\u00e9es"],"inLanguage":"fr-FR"},{"@type":"WebPage","@id":"https:\/\/amis-parc-foret-orient.fr\/index.php\/2025\/01\/01\/dimanche-16-novembre-2025-conference-evenement-du-sol-au-climat-par-marc-andre-selosse\/","url":"https:\/\/amis-parc-foret-orient.fr\/index.php\/2025\/01\/01\/dimanche-16-novembre-2025-conference-evenement-du-sol-au-climat-par-marc-andre-selosse\/","name":"Dimanche 16 novembre 2025 - Conf\u00e9rence-\u00e9v\u00e9nement \u00ab\u00a0Du sol au climat\u00a0\u00bb par Marc-Andr\u00e9 Selosse - Les Amis du Parc de la For\u00eat d&#039;Orient","isPartOf":{"@id":"https:\/\/amis-parc-foret-orient.fr\/#website"},"primaryImageOfPage":{"@id":"https:\/\/amis-parc-foret-orient.fr\/index.php\/2025\/01\/01\/dimanche-16-novembre-2025-conference-evenement-du-sol-au-climat-par-marc-andre-selosse\/#primaryimage"},"image":{"@id":"https:\/\/amis-parc-foret-orient.fr\/index.php\/2025\/01\/01\/dimanche-16-novembre-2025-conference-evenement-du-sol-au-climat-par-marc-andre-selosse\/#primaryimage"},"thumbnailUrl":"https:\/\/amis-parc-foret-orient.fr\/wp-content\/uploads\/2025\/11\/affiche-conference-MA-Selosse-du-sol-au-climat-16-11-2025-Piney-AAPNRFO-compressee-et-redimensionnee.jpg","datePublished":"2025-01-01T10:16:00+00:00","dateModified":"2025-11-18T16:19:24+00:00","breadcrumb":{"@id":"https:\/\/amis-parc-foret-orient.fr\/index.php\/2025\/01\/01\/dimanche-16-novembre-2025-conference-evenement-du-sol-au-climat-par-marc-andre-selosse\/#breadcrumb"},"inLanguage":"fr-FR","potentialAction":[{"@type":"ReadAction","target":["https:\/\/amis-parc-foret-orient.fr\/index.php\/2025\/01\/01\/dimanche-16-novembre-2025-conference-evenement-du-sol-au-climat-par-marc-andre-selosse\/"]}]},{"@type":"ImageObject","inLanguage":"fr-FR","@id":"https:\/\/amis-parc-foret-orient.fr\/index.php\/2025\/01\/01\/dimanche-16-novembre-2025-conference-evenement-du-sol-au-climat-par-marc-andre-selosse\/#primaryimage","url":"https:\/\/amis-parc-foret-orient.fr\/wp-content\/uploads\/2025\/11\/affiche-conference-MA-Selosse-du-sol-au-climat-16-11-2025-Piney-AAPNRFO-compressee-et-redimensionnee.jpg","contentUrl":"https:\/\/amis-parc-foret-orient.fr\/wp-content\/uploads\/2025\/11\/affiche-conference-MA-Selosse-du-sol-au-climat-16-11-2025-Piney-AAPNRFO-compressee-et-redimensionnee.jpg","width":425,"height":600},{"@type":"BreadcrumbList","@id":"https:\/\/amis-parc-foret-orient.fr\/index.php\/2025\/01\/01\/dimanche-16-novembre-2025-conference-evenement-du-sol-au-climat-par-marc-andre-selosse\/#breadcrumb","itemListElement":[{"@type":"ListItem","position":1,"name":"Home","item":"https:\/\/amis-parc-foret-orient.fr\/"},{"@type":"ListItem","position":2,"name":"Dimanche 16 novembre 2025 &#8211; Conf\u00e9rence-\u00e9v\u00e9nement \u00ab\u00a0Du sol au climat\u00a0\u00bb par Marc-Andr\u00e9 Selosse"}]},{"@type":"WebSite","@id":"https:\/\/amis-parc-foret-orient.fr\/#website","url":"https:\/\/amis-parc-foret-orient.fr\/","name":"Les Amis du Parc de la For\u00eat d'Orient","description":"","publisher":{"@id":"https:\/\/amis-parc-foret-orient.fr\/#organization"},"potentialAction":[{"@type":"SearchAction","target":{"@type":"EntryPoint","urlTemplate":"https:\/\/amis-parc-foret-orient.fr\/?s={search_term_string}"},"query-input":{"@type":"PropertyValueSpecification","valueRequired":true,"valueName":"search_term_string"}}],"inLanguage":"fr-FR"},{"@type":"Organization","@id":"https:\/\/amis-parc-foret-orient.fr\/#organization","name":"Les Amis du Parc de la For\u00eat d'Orient","url":"https:\/\/amis-parc-foret-orient.fr\/","logo":{"@type":"ImageObject","inLanguage":"fr-FR","@id":"https:\/\/amis-parc-foret-orient.fr\/#\/schema\/logo\/image\/","url":"https:\/\/amis-parc-foret-orient.fr\/wp-content\/uploads\/2025\/08\/cropped-logo_amis_parc_2025_150-1-1.png","contentUrl":"https:\/\/amis-parc-foret-orient.fr\/wp-content\/uploads\/2025\/08\/cropped-logo_amis_parc_2025_150-1-1.png","width":400,"height":175,"caption":"Les Amis du Parc de la For\u00eat d'Orient"},"image":{"@id":"https:\/\/amis-parc-foret-orient.fr\/#\/schema\/logo\/image\/"},"sameAs":["https:\/\/www.facebook.com\/Amis.du.Parc\/"]},{"@type":"Person","@id":"https:\/\/amis-parc-foret-orient.fr\/#\/schema\/person\/8961238e6b786153d305b90e6d96037f","name":"Katell","image":{"@type":"ImageObject","inLanguage":"fr-FR","@id":"https:\/\/secure.gravatar.com\/avatar\/e3d85f2f6ff53b0fa29c4f19018fd7eacf2d993b69093d04ab556e1a47b4910e?s=96&d=monsterid&r=g","url":"https:\/\/secure.gravatar.com\/avatar\/e3d85f2f6ff53b0fa29c4f19018fd7eacf2d993b69093d04ab556e1a47b4910e?s=96&d=monsterid&r=g","contentUrl":"https:\/\/secure.gravatar.com\/avatar\/e3d85f2f6ff53b0fa29c4f19018fd7eacf2d993b69093d04ab556e1a47b4910e?s=96&d=monsterid&r=g","caption":"Katell"},"url":"https:\/\/amis-parc-foret-orient.fr\/index.php\/author\/ladpsn4-2-2-2-2-2-2-2-2-2-2\/"}]}},"blog_post_layout_featured_media_urls":{"thumbnail":["https:\/\/amis-parc-foret-orient.fr\/wp-content\/uploads\/2025\/11\/affiche-conference-MA-Selosse-du-sol-au-climat-16-11-2025-Piney-AAPNRFO-compressee-et-redimensionnee-150x150.jpg",150,150,true],"full":["https:\/\/amis-parc-foret-orient.fr\/wp-content\/uploads\/2025\/11\/affiche-conference-MA-Selosse-du-sol-au-climat-16-11-2025-Piney-AAPNRFO-compressee-et-redimensionnee.jpg",425,600,false]},"categories_names":{"260":{"name":"4\u00e8me trimestre 2025","link":"https:\/\/amis-parc-foret-orient.fr\/index.php\/category\/animations\/archives\/4eme-trimestre-2025\/"},"252":{"name":"Animations pass\u00e9es","link":"https:\/\/amis-parc-foret-orient.fr\/index.php\/category\/animations\/animations-passees\/"}},"tags_names":[],"comments_number":"0","wpmagazine_modules_lite_featured_media_urls":{"thumbnail":["https:\/\/amis-parc-foret-orient.fr\/wp-content\/uploads\/2025\/11\/affiche-conference-MA-Selosse-du-sol-au-climat-16-11-2025-Piney-AAPNRFO-compressee-et-redimensionnee-150x150.jpg",150,150,true],"cvmm-medium":["https:\/\/amis-parc-foret-orient.fr\/wp-content\/uploads\/2025\/11\/affiche-conference-MA-Selosse-du-sol-au-climat-16-11-2025-Piney-AAPNRFO-compressee-et-redimensionnee.jpg",213,300,false],"cvmm-medium-plus":["https:\/\/amis-parc-foret-orient.fr\/wp-content\/uploads\/2025\/11\/affiche-conference-MA-Selosse-du-sol-au-climat-16-11-2025-Piney-AAPNRFO-compressee-et-redimensionnee.jpg",147,207,false],"cvmm-portrait":["https:\/\/amis-parc-foret-orient.fr\/wp-content\/uploads\/2025\/11\/affiche-conference-MA-Selosse-du-sol-au-climat-16-11-2025-Piney-AAPNRFO-compressee-et-redimensionnee.jpg",400,565,false],"cvmm-medium-square":["https:\/\/amis-parc-foret-orient.fr\/wp-content\/uploads\/2025\/11\/affiche-conference-MA-Selosse-du-sol-au-climat-16-11-2025-Piney-AAPNRFO-compressee-et-redimensionnee.jpg",425,600,false],"cvmm-large":["https:\/\/amis-parc-foret-orient.fr\/wp-content\/uploads\/2025\/11\/affiche-conference-MA-Selosse-du-sol-au-climat-16-11-2025-Piney-AAPNRFO-compressee-et-redimensionnee.jpg",425,600,false],"cvmm-small":["https:\/\/amis-parc-foret-orient.fr\/wp-content\/uploads\/2025\/11\/affiche-conference-MA-Selosse-du-sol-au-climat-16-11-2025-Piney-AAPNRFO-compressee-et-redimensionnee.jpg",67,95,false],"full":["https:\/\/amis-parc-foret-orient.fr\/wp-content\/uploads\/2025\/11\/affiche-conference-MA-Selosse-du-sol-au-climat-16-11-2025-Piney-AAPNRFO-compressee-et-redimensionnee.jpg",425,600,false]},"_links":{"self":[{"href":"https:\/\/amis-parc-foret-orient.fr\/index.php\/wp-json\/wp\/v2\/posts\/5057","targetHints":{"allow":["GET"]}}],"collection":[{"href":"https:\/\/amis-parc-foret-orient.fr\/index.php\/wp-json\/wp\/v2\/posts"}],"about":[{"href":"https:\/\/amis-parc-foret-orient.fr\/index.php\/wp-json\/wp\/v2\/types\/post"}],"author":[{"embeddable":true,"href":"https:\/\/amis-parc-foret-orient.fr\/index.php\/wp-json\/wp\/v2\/users\/1"}],"replies":[{"embeddable":true,"href":"https:\/\/amis-parc-foret-orient.fr\/index.php\/wp-json\/wp\/v2\/comments?post=5057"}],"version-history":[{"count":0,"href":"https:\/\/amis-parc-foret-orient.fr\/index.php\/wp-json\/wp\/v2\/posts\/5057\/revisions"}],"wp:featuredmedia":[{"embeddable":true,"href":"https:\/\/amis-parc-foret-orient.fr\/index.php\/wp-json\/wp\/v2\/media\/5080"}],"wp:attachment":[{"href":"https:\/\/amis-parc-foret-orient.fr\/index.php\/wp-json\/wp\/v2\/media?parent=5057"}],"wp:term":[{"taxonomy":"category","embeddable":true,"href":"https:\/\/amis-parc-foret-orient.fr\/index.php\/wp-json\/wp\/v2\/categories?post=5057"},{"taxonomy":"post_tag","embeddable":true,"href":"https:\/\/amis-parc-foret-orient.fr\/index.php\/wp-json\/wp\/v2\/tags?post=5057"}],"curies":[{"name":"wp","href":"https:\/\/api.w.org\/{rel}","templated":true}]}}