{"id":5052,"date":"2025-01-01T10:25:00","date_gmt":"2025-01-01T09:25:00","guid":{"rendered":"https:\/\/amis-parc-foret-orient.fr\/?p=5052"},"modified":"2025-11-04T11:19:41","modified_gmt":"2025-11-04T10:19:41","slug":"samedi-25-octobre-2025-randonnee-autour-dargancon","status":"publish","type":"post","link":"https:\/\/amis-parc-foret-orient.fr\/index.php\/2025\/01\/01\/samedi-25-octobre-2025-randonnee-autour-dargancon\/","title":{"rendered":"Samedi 25 octobre 2025 &#8211; Randonn\u00e9e autour d&rsquo;Argan\u00e7on"},"content":{"rendered":"\n<p>Une petite trentaine de personnes ont particip\u00e9 \u00e0 la randonn\u00e9e d&rsquo;octobre plac\u00e9e sous le signe d&rsquo;octobre rose avec un parcours de 9 km et un peu de d\u00e9nivel\u00e9 au programme !<\/p>\n\n\n\n<!--more-->\n\n\n\n<p>Petit village viticole de la C\u00f4te des Bar, Argan\u00e7on poss\u00e8de une aire d\u2019appellation champagne de 40 hectares de vignes. La commune est travers\u00e9e par un cours d\u2019eau, le Landion.<\/p>\n\n\n\n<p>A l\u2019occasion d\u2019octobre rose (campagne annuelle mondiale de communication destin\u00e9e \u00e0 sensibiliser les femmes au d\u00e9pistage du cancer du sein et \u00e0 r\u00e9colter des fonds pour la recherche), nous avons propos\u00e9 aux marcheurs de venir avec un \u00e9l\u00e9ment <strong><u>rose<\/u><\/strong> dans leur tenue. <\/p>\n\n\n\n<p>Des biscuits roses de Reims ont \u00e9t\u00e9 servis pour l&rsquo;occasion pour le pot de l&rsquo;amiti\u00e9 \u00e0 l&rsquo;issue de la randonn\u00e9e.<\/p>\n","protected":false},"excerpt":{"rendered":"<p>Une petite trentaine de personnes ont particip\u00e9 \u00e0 la randonn\u00e9e d&rsquo;octobre plac\u00e9e sous le signe d&rsquo;octobre rose avec un parcours de 9 km et un peu de d\u00e9nivel\u00e9 au programme !<\/p>\n","protected":false},"author":1,"featured_media":5083,"comment_status":"closed","ping_status":"closed","sticky":false,"template":"","format":"standard","meta":{"footnotes":"","_wp_rev_ctl_limit":""},"categories":[260,21,252],"tags":[],"class_list":["post-5052","post","type-post","status-publish","format-standard","has-post-thumbnail","hentry","category-4eme-trimestre-2025","category-animations","category-animations-passees"],"yoast_head":"<!-- This site is optimized with the Yoast SEO plugin v27.5 - https:\/\/yoast.com\/product\/yoast-seo-wordpress\/ -->\n<title>Samedi 25 octobre 2025 - Randonn\u00e9e autour d&#039;Argan\u00e7on - Les Amis du Parc de la For\u00eat d&#039;Orient<\/title>\n<meta name=\"robots\" content=\"index, follow, max-snippet:-1, max-image-preview:large, max-video-preview:-1\" \/>\n<link rel=\"canonical\" href=\"https:\/\/amis-parc-foret-orient.fr\/index.php\/2025\/01\/01\/samedi-25-octobre-2025-randonnee-autour-dargancon\/\" \/>\n<meta property=\"og:locale\" content=\"fr_FR\" \/>\n<meta property=\"og:type\" content=\"article\" \/>\n<meta property=\"og:title\" content=\"Samedi 25 octobre 2025 - Randonn\u00e9e autour d&#039;Argan\u00e7on - Les Amis du Parc de la For\u00eat d&#039;Orient\" \/>\n<meta property=\"og:description\" content=\"Une petite trentaine de personnes ont particip\u00e9 \u00e0 la randonn\u00e9e d&rsquo;octobre plac\u00e9e sous le signe d&rsquo;octobre rose avec un parcours de 9 km et un peu de d\u00e9nivel\u00e9 au programme !\" \/>\n<meta property=\"og:url\" content=\"https:\/\/amis-parc-foret-orient.fr\/index.php\/2025\/01\/01\/samedi-25-octobre-2025-randonnee-autour-dargancon\/\" \/>\n<meta property=\"og:site_name\" content=\"Les Amis du Parc de la For\u00eat d&#039;Orient\" \/>\n<meta property=\"article:publisher\" content=\"https:\/\/www.facebook.com\/Amis.du.Parc\/\" \/>\n<meta property=\"article:published_time\" content=\"2025-01-01T09:25:00+00:00\" \/>\n<meta property=\"article:modified_time\" content=\"2025-11-04T10:19:41+00:00\" \/>\n<meta property=\"og:image\" content=\"https:\/\/amis-parc-foret-orient.fr\/wp-content\/uploads\/2025\/11\/photo_village-Argancon-communaute-de-communes-Vendeuvre-Soulaines-compressee-et-redimensionnee.jpg\" \/>\n\t<meta property=\"og:image:width\" content=\"600\" \/>\n\t<meta property=\"og:image:height\" content=\"450\" \/>\n\t<meta property=\"og:image:type\" content=\"image\/jpeg\" \/>\n<meta name=\"author\" content=\"Katell\" \/>\n<meta name=\"twitter:card\" content=\"summary_large_image\" \/>\n<meta name=\"twitter:label1\" content=\"\u00c9crit par\" \/>\n\t<meta name=\"twitter:data1\" content=\"Katell\" \/>\n\t<meta name=\"twitter:label2\" content=\"Dur\u00e9e de lecture estim\u00e9e\" \/>\n\t<meta name=\"twitter:data2\" content=\"1 minute\" \/>\n<script type=\"application\/ld+json\" class=\"yoast-schema-graph\">{\"@context\":\"https:\\\/\\\/schema.org\",\"@graph\":[{\"@type\":\"Article\",\"@id\":\"https:\\\/\\\/amis-parc-foret-orient.fr\\\/index.php\\\/2025\\\/01\\\/01\\\/samedi-25-octobre-2025-randonnee-autour-dargancon\\\/#article\",\"isPartOf\":{\"@id\":\"https:\\\/\\\/amis-parc-foret-orient.fr\\\/index.php\\\/2025\\\/01\\\/01\\\/samedi-25-octobre-2025-randonnee-autour-dargancon\\\/\"},\"author\":{\"name\":\"Katell\",\"@id\":\"https:\\\/\\\/amis-parc-foret-orient.fr\\\/#\\\/schema\\\/person\\\/8961238e6b786153d305b90e6d96037f\"},\"headline\":\"Samedi 25 octobre 2025 &#8211; Randonn\u00e9e autour d&rsquo;Argan\u00e7on\",\"datePublished\":\"2025-01-01T09:25:00+00:00\",\"dateModified\":\"2025-11-04T10:19:41+00:00\",\"mainEntityOfPage\":{\"@id\":\"https:\\\/\\\/amis-parc-foret-orient.fr\\\/index.php\\\/2025\\\/01\\\/01\\\/samedi-25-octobre-2025-randonnee-autour-dargancon\\\/\"},\"wordCount\":145,\"publisher\":{\"@id\":\"https:\\\/\\\/amis-parc-foret-orient.fr\\\/#organization\"},\"image\":{\"@id\":\"https:\\\/\\\/amis-parc-foret-orient.fr\\\/index.php\\\/2025\\\/01\\\/01\\\/samedi-25-octobre-2025-randonnee-autour-dargancon\\\/#primaryimage\"},\"thumbnailUrl\":\"https:\\\/\\\/amis-parc-foret-orient.fr\\\/wp-content\\\/uploads\\\/2025\\\/11\\\/photo_village-Argancon-communaute-de-communes-Vendeuvre-Soulaines-compressee-et-redimensionnee.jpg\",\"articleSection\":[\"4\u00e8me trimestre 2025\",\"Animations\",\"Animations pass\u00e9es\"],\"inLanguage\":\"fr-FR\"},{\"@type\":\"WebPage\",\"@id\":\"https:\\\/\\\/amis-parc-foret-orient.fr\\\/index.php\\\/2025\\\/01\\\/01\\\/samedi-25-octobre-2025-randonnee-autour-dargancon\\\/\",\"url\":\"https:\\\/\\\/amis-parc-foret-orient.fr\\\/index.php\\\/2025\\\/01\\\/01\\\/samedi-25-octobre-2025-randonnee-autour-dargancon\\\/\",\"name\":\"Samedi 25 octobre 2025 - Randonn\u00e9e autour d'Argan\u00e7on - Les Amis du Parc de la For\u00eat d&#039;Orient\",\"isPartOf\":{\"@id\":\"https:\\\/\\\/amis-parc-foret-orient.fr\\\/#website\"},\"primaryImageOfPage\":{\"@id\":\"https:\\\/\\\/amis-parc-foret-orient.fr\\\/index.php\\\/2025\\\/01\\\/01\\\/samedi-25-octobre-2025-randonnee-autour-dargancon\\\/#primaryimage\"},\"image\":{\"@id\":\"https:\\\/\\\/amis-parc-foret-orient.fr\\\/index.php\\\/2025\\\/01\\\/01\\\/samedi-25-octobre-2025-randonnee-autour-dargancon\\\/#primaryimage\"},\"thumbnailUrl\":\"https:\\\/\\\/amis-parc-foret-orient.fr\\\/wp-content\\\/uploads\\\/2025\\\/11\\\/photo_village-Argancon-communaute-de-communes-Vendeuvre-Soulaines-compressee-et-redimensionnee.jpg\",\"datePublished\":\"2025-01-01T09:25:00+00:00\",\"dateModified\":\"2025-11-04T10:19:41+00:00\",\"breadcrumb\":{\"@id\":\"https:\\\/\\\/amis-parc-foret-orient.fr\\\/index.php\\\/2025\\\/01\\\/01\\\/samedi-25-octobre-2025-randonnee-autour-dargancon\\\/#breadcrumb\"},\"inLanguage\":\"fr-FR\",\"potentialAction\":[{\"@type\":\"ReadAction\",\"target\":[\"https:\\\/\\\/amis-parc-foret-orient.fr\\\/index.php\\\/2025\\\/01\\\/01\\\/samedi-25-octobre-2025-randonnee-autour-dargancon\\\/\"]}]},{\"@type\":\"ImageObject\",\"inLanguage\":\"fr-FR\",\"@id\":\"https:\\\/\\\/amis-parc-foret-orient.fr\\\/index.php\\\/2025\\\/01\\\/01\\\/samedi-25-octobre-2025-randonnee-autour-dargancon\\\/#primaryimage\",\"url\":\"https:\\\/\\\/amis-parc-foret-orient.fr\\\/wp-content\\\/uploads\\\/2025\\\/11\\\/photo_village-Argancon-communaute-de-communes-Vendeuvre-Soulaines-compressee-et-redimensionnee.jpg\",\"contentUrl\":\"https:\\\/\\\/amis-parc-foret-orient.fr\\\/wp-content\\\/uploads\\\/2025\\\/11\\\/photo_village-Argancon-communaute-de-communes-Vendeuvre-Soulaines-compressee-et-redimensionnee.jpg\",\"width\":600,\"height\":450},{\"@type\":\"BreadcrumbList\",\"@id\":\"https:\\\/\\\/amis-parc-foret-orient.fr\\\/index.php\\\/2025\\\/01\\\/01\\\/samedi-25-octobre-2025-randonnee-autour-dargancon\\\/#breadcrumb\",\"itemListElement\":[{\"@type\":\"ListItem\",\"position\":1,\"name\":\"Home\",\"item\":\"https:\\\/\\\/amis-parc-foret-orient.fr\\\/\"},{\"@type\":\"ListItem\",\"position\":2,\"name\":\"Samedi 25 octobre 2025 &#8211; Randonn\u00e9e autour d&rsquo;Argan\u00e7on\"}]},{\"@type\":\"WebSite\",\"@id\":\"https:\\\/\\\/amis-parc-foret-orient.fr\\\/#website\",\"url\":\"https:\\\/\\\/amis-parc-foret-orient.fr\\\/\",\"name\":\"Les Amis du Parc de la For\u00eat d'Orient\",\"description\":\"\",\"publisher\":{\"@id\":\"https:\\\/\\\/amis-parc-foret-orient.fr\\\/#organization\"},\"potentialAction\":[{\"@type\":\"SearchAction\",\"target\":{\"@type\":\"EntryPoint\",\"urlTemplate\":\"https:\\\/\\\/amis-parc-foret-orient.fr\\\/?s={search_term_string}\"},\"query-input\":{\"@type\":\"PropertyValueSpecification\",\"valueRequired\":true,\"valueName\":\"search_term_string\"}}],\"inLanguage\":\"fr-FR\"},{\"@type\":\"Organization\",\"@id\":\"https:\\\/\\\/amis-parc-foret-orient.fr\\\/#organization\",\"name\":\"Les Amis du Parc de la For\u00eat d'Orient\",\"url\":\"https:\\\/\\\/amis-parc-foret-orient.fr\\\/\",\"logo\":{\"@type\":\"ImageObject\",\"inLanguage\":\"fr-FR\",\"@id\":\"https:\\\/\\\/amis-parc-foret-orient.fr\\\/#\\\/schema\\\/logo\\\/image\\\/\",\"url\":\"https:\\\/\\\/amis-parc-foret-orient.fr\\\/wp-content\\\/uploads\\\/2025\\\/08\\\/cropped-logo_amis_parc_2025_150-1-1.png\",\"contentUrl\":\"https:\\\/\\\/amis-parc-foret-orient.fr\\\/wp-content\\\/uploads\\\/2025\\\/08\\\/cropped-logo_amis_parc_2025_150-1-1.png\",\"width\":400,\"height\":175,\"caption\":\"Les Amis du Parc de la For\u00eat d'Orient\"},\"image\":{\"@id\":\"https:\\\/\\\/amis-parc-foret-orient.fr\\\/#\\\/schema\\\/logo\\\/image\\\/\"},\"sameAs\":[\"https:\\\/\\\/www.facebook.com\\\/Amis.du.Parc\\\/\"]},{\"@type\":\"Person\",\"@id\":\"https:\\\/\\\/amis-parc-foret-orient.fr\\\/#\\\/schema\\\/person\\\/8961238e6b786153d305b90e6d96037f\",\"name\":\"Katell\",\"image\":{\"@type\":\"ImageObject\",\"inLanguage\":\"fr-FR\",\"@id\":\"https:\\\/\\\/secure.gravatar.com\\\/avatar\\\/e3d85f2f6ff53b0fa29c4f19018fd7eacf2d993b69093d04ab556e1a47b4910e?s=96&d=monsterid&r=g\",\"url\":\"https:\\\/\\\/secure.gravatar.com\\\/avatar\\\/e3d85f2f6ff53b0fa29c4f19018fd7eacf2d993b69093d04ab556e1a47b4910e?s=96&d=monsterid&r=g\",\"contentUrl\":\"https:\\\/\\\/secure.gravatar.com\\\/avatar\\\/e3d85f2f6ff53b0fa29c4f19018fd7eacf2d993b69093d04ab556e1a47b4910e?s=96&d=monsterid&r=g\",\"caption\":\"Katell\"},\"url\":\"https:\\\/\\\/amis-parc-foret-orient.fr\\\/index.php\\\/author\\\/ladpsn4-2-2-2-2-2-2-2-2-2-2\\\/\"}]}<\/script>\n<!-- \/ Yoast SEO plugin. -->","yoast_head_json":{"title":"Samedi 25 octobre 2025 - Randonn\u00e9e autour d'Argan\u00e7on - Les Amis du Parc de la For\u00eat d&#039;Orient","robots":{"index":"index","follow":"follow","max-snippet":"max-snippet:-1","max-image-preview":"max-image-preview:large","max-video-preview":"max-video-preview:-1"},"canonical":"https:\/\/amis-parc-foret-orient.fr\/index.php\/2025\/01\/01\/samedi-25-octobre-2025-randonnee-autour-dargancon\/","og_locale":"fr_FR","og_type":"article","og_title":"Samedi 25 octobre 2025 - Randonn\u00e9e autour d'Argan\u00e7on - Les Amis du Parc de la For\u00eat d&#039;Orient","og_description":"Une petite trentaine de personnes ont particip\u00e9 \u00e0 la randonn\u00e9e d&rsquo;octobre plac\u00e9e sous le signe d&rsquo;octobre rose avec un parcours de 9 km et un peu de d\u00e9nivel\u00e9 au programme !","og_url":"https:\/\/amis-parc-foret-orient.fr\/index.php\/2025\/01\/01\/samedi-25-octobre-2025-randonnee-autour-dargancon\/","og_site_name":"Les Amis du Parc de la For\u00eat d&#039;Orient","article_publisher":"https:\/\/www.facebook.com\/Amis.du.Parc\/","article_published_time":"2025-01-01T09:25:00+00:00","article_modified_time":"2025-11-04T10:19:41+00:00","og_image":[{"width":600,"height":450,"url":"https:\/\/amis-parc-foret-orient.fr\/wp-content\/uploads\/2025\/11\/photo_village-Argancon-communaute-de-communes-Vendeuvre-Soulaines-compressee-et-redimensionnee.jpg","type":"image\/jpeg"}],"author":"Katell","twitter_card":"summary_large_image","twitter_misc":{"\u00c9crit par":"Katell","Dur\u00e9e de lecture estim\u00e9e":"1 minute"},"schema":{"@context":"https:\/\/schema.org","@graph":[{"@type":"Article","@id":"https:\/\/amis-parc-foret-orient.fr\/index.php\/2025\/01\/01\/samedi-25-octobre-2025-randonnee-autour-dargancon\/#article","isPartOf":{"@id":"https:\/\/amis-parc-foret-orient.fr\/index.php\/2025\/01\/01\/samedi-25-octobre-2025-randonnee-autour-dargancon\/"},"author":{"name":"Katell","@id":"https:\/\/amis-parc-foret-orient.fr\/#\/schema\/person\/8961238e6b786153d305b90e6d96037f"},"headline":"Samedi 25 octobre 2025 &#8211; Randonn\u00e9e autour d&rsquo;Argan\u00e7on","datePublished":"2025-01-01T09:25:00+00:00","dateModified":"2025-11-04T10:19:41+00:00","mainEntityOfPage":{"@id":"https:\/\/amis-parc-foret-orient.fr\/index.php\/2025\/01\/01\/samedi-25-octobre-2025-randonnee-autour-dargancon\/"},"wordCount":145,"publisher":{"@id":"https:\/\/amis-parc-foret-orient.fr\/#organization"},"image":{"@id":"https:\/\/amis-parc-foret-orient.fr\/index.php\/2025\/01\/01\/samedi-25-octobre-2025-randonnee-autour-dargancon\/#primaryimage"},"thumbnailUrl":"https:\/\/amis-parc-foret-orient.fr\/wp-content\/uploads\/2025\/11\/photo_village-Argancon-communaute-de-communes-Vendeuvre-Soulaines-compressee-et-redimensionnee.jpg","articleSection":["4\u00e8me trimestre 2025","Animations","Animations pass\u00e9es"],"inLanguage":"fr-FR"},{"@type":"WebPage","@id":"https:\/\/amis-parc-foret-orient.fr\/index.php\/2025\/01\/01\/samedi-25-octobre-2025-randonnee-autour-dargancon\/","url":"https:\/\/amis-parc-foret-orient.fr\/index.php\/2025\/01\/01\/samedi-25-octobre-2025-randonnee-autour-dargancon\/","name":"Samedi 25 octobre 2025 - Randonn\u00e9e autour d'Argan\u00e7on - Les Amis du Parc de la For\u00eat d&#039;Orient","isPartOf":{"@id":"https:\/\/amis-parc-foret-orient.fr\/#website"},"primaryImageOfPage":{"@id":"https:\/\/amis-parc-foret-orient.fr\/index.php\/2025\/01\/01\/samedi-25-octobre-2025-randonnee-autour-dargancon\/#primaryimage"},"image":{"@id":"https:\/\/amis-parc-foret-orient.fr\/index.php\/2025\/01\/01\/samedi-25-octobre-2025-randonnee-autour-dargancon\/#primaryimage"},"thumbnailUrl":"https:\/\/amis-parc-foret-orient.fr\/wp-content\/uploads\/2025\/11\/photo_village-Argancon-communaute-de-communes-Vendeuvre-Soulaines-compressee-et-redimensionnee.jpg","datePublished":"2025-01-01T09:25:00+00:00","dateModified":"2025-11-04T10:19:41+00:00","breadcrumb":{"@id":"https:\/\/amis-parc-foret-orient.fr\/index.php\/2025\/01\/01\/samedi-25-octobre-2025-randonnee-autour-dargancon\/#breadcrumb"},"inLanguage":"fr-FR","potentialAction":[{"@type":"ReadAction","target":["https:\/\/amis-parc-foret-orient.fr\/index.php\/2025\/01\/01\/samedi-25-octobre-2025-randonnee-autour-dargancon\/"]}]},{"@type":"ImageObject","inLanguage":"fr-FR","@id":"https:\/\/amis-parc-foret-orient.fr\/index.php\/2025\/01\/01\/samedi-25-octobre-2025-randonnee-autour-dargancon\/#primaryimage","url":"https:\/\/amis-parc-foret-orient.fr\/wp-content\/uploads\/2025\/11\/photo_village-Argancon-communaute-de-communes-Vendeuvre-Soulaines-compressee-et-redimensionnee.jpg","contentUrl":"https:\/\/amis-parc-foret-orient.fr\/wp-content\/uploads\/2025\/11\/photo_village-Argancon-communaute-de-communes-Vendeuvre-Soulaines-compressee-et-redimensionnee.jpg","width":600,"height":450},{"@type":"BreadcrumbList","@id":"https:\/\/amis-parc-foret-orient.fr\/index.php\/2025\/01\/01\/samedi-25-octobre-2025-randonnee-autour-dargancon\/#breadcrumb","itemListElement":[{"@type":"ListItem","position":1,"name":"Home","item":"https:\/\/amis-parc-foret-orient.fr\/"},{"@type":"ListItem","position":2,"name":"Samedi 25 octobre 2025 &#8211; Randonn\u00e9e autour d&rsquo;Argan\u00e7on"}]},{"@type":"WebSite","@id":"https:\/\/amis-parc-foret-orient.fr\/#website","url":"https:\/\/amis-parc-foret-orient.fr\/","name":"Les Amis du Parc de la For\u00eat d'Orient","description":"","publisher":{"@id":"https:\/\/amis-parc-foret-orient.fr\/#organization"},"potentialAction":[{"@type":"SearchAction","target":{"@type":"EntryPoint","urlTemplate":"https:\/\/amis-parc-foret-orient.fr\/?s={search_term_string}"},"query-input":{"@type":"PropertyValueSpecification","valueRequired":true,"valueName":"search_term_string"}}],"inLanguage":"fr-FR"},{"@type":"Organization","@id":"https:\/\/amis-parc-foret-orient.fr\/#organization","name":"Les Amis du Parc de la For\u00eat d'Orient","url":"https:\/\/amis-parc-foret-orient.fr\/","logo":{"@type":"ImageObject","inLanguage":"fr-FR","@id":"https:\/\/amis-parc-foret-orient.fr\/#\/schema\/logo\/image\/","url":"https:\/\/amis-parc-foret-orient.fr\/wp-content\/uploads\/2025\/08\/cropped-logo_amis_parc_2025_150-1-1.png","contentUrl":"https:\/\/amis-parc-foret-orient.fr\/wp-content\/uploads\/2025\/08\/cropped-logo_amis_parc_2025_150-1-1.png","width":400,"height":175,"caption":"Les Amis du Parc de la For\u00eat d'Orient"},"image":{"@id":"https:\/\/amis-parc-foret-orient.fr\/#\/schema\/logo\/image\/"},"sameAs":["https:\/\/www.facebook.com\/Amis.du.Parc\/"]},{"@type":"Person","@id":"https:\/\/amis-parc-foret-orient.fr\/#\/schema\/person\/8961238e6b786153d305b90e6d96037f","name":"Katell","image":{"@type":"ImageObject","inLanguage":"fr-FR","@id":"https:\/\/secure.gravatar.com\/avatar\/e3d85f2f6ff53b0fa29c4f19018fd7eacf2d993b69093d04ab556e1a47b4910e?s=96&d=monsterid&r=g","url":"https:\/\/secure.gravatar.com\/avatar\/e3d85f2f6ff53b0fa29c4f19018fd7eacf2d993b69093d04ab556e1a47b4910e?s=96&d=monsterid&r=g","contentUrl":"https:\/\/secure.gravatar.com\/avatar\/e3d85f2f6ff53b0fa29c4f19018fd7eacf2d993b69093d04ab556e1a47b4910e?s=96&d=monsterid&r=g","caption":"Katell"},"url":"https:\/\/amis-parc-foret-orient.fr\/index.php\/author\/ladpsn4-2-2-2-2-2-2-2-2-2-2\/"}]}},"blog_post_layout_featured_media_urls":{"thumbnail":["https:\/\/amis-parc-foret-orient.fr\/wp-content\/uploads\/2025\/11\/photo_village-Argancon-communaute-de-communes-Vendeuvre-Soulaines-compressee-et-redimensionnee-150x150.jpg",150,150,true],"full":["https:\/\/amis-parc-foret-orient.fr\/wp-content\/uploads\/2025\/11\/photo_village-Argancon-communaute-de-communes-Vendeuvre-Soulaines-compressee-et-redimensionnee.jpg",600,450,false]},"categories_names":{"260":{"name":"4\u00e8me trimestre 2025","link":"https:\/\/amis-parc-foret-orient.fr\/index.php\/category\/animations\/archives\/4eme-trimestre-2025\/"},"21":{"name":"Animations","link":"https:\/\/amis-parc-foret-orient.fr\/index.php\/category\/animations\/"},"252":{"name":"Animations pass\u00e9es","link":"https:\/\/amis-parc-foret-orient.fr\/index.php\/category\/animations\/animations-passees\/"}},"tags_names":[],"comments_number":"0","wpmagazine_modules_lite_featured_media_urls":{"thumbnail":["https:\/\/amis-parc-foret-orient.fr\/wp-content\/uploads\/2025\/11\/photo_village-Argancon-communaute-de-communes-Vendeuvre-Soulaines-compressee-et-redimensionnee-150x150.jpg",150,150,true],"cvmm-medium":["https:\/\/amis-parc-foret-orient.fr\/wp-content\/uploads\/2025\/11\/photo_village-Argancon-communaute-de-communes-Vendeuvre-Soulaines-compressee-et-redimensionnee.jpg",300,225,false],"cvmm-medium-plus":["https:\/\/amis-parc-foret-orient.fr\/wp-content\/uploads\/2025\/11\/photo_village-Argancon-communaute-de-communes-Vendeuvre-Soulaines-compressee-et-redimensionnee.jpg",276,207,false],"cvmm-portrait":["https:\/\/amis-parc-foret-orient.fr\/wp-content\/uploads\/2025\/11\/photo_village-Argancon-communaute-de-communes-Vendeuvre-Soulaines-compressee-et-redimensionnee.jpg",400,300,false],"cvmm-medium-square":["https:\/\/amis-parc-foret-orient.fr\/wp-content\/uploads\/2025\/11\/photo_village-Argancon-communaute-de-communes-Vendeuvre-Soulaines-compressee-et-redimensionnee.jpg",600,450,false],"cvmm-large":["https:\/\/amis-parc-foret-orient.fr\/wp-content\/uploads\/2025\/11\/photo_village-Argancon-communaute-de-communes-Vendeuvre-Soulaines-compressee-et-redimensionnee.jpg",600,450,false],"cvmm-small":["https:\/\/amis-parc-foret-orient.fr\/wp-content\/uploads\/2025\/11\/photo_village-Argancon-communaute-de-communes-Vendeuvre-Soulaines-compressee-et-redimensionnee.jpg",127,95,false],"full":["https:\/\/amis-parc-foret-orient.fr\/wp-content\/uploads\/2025\/11\/photo_village-Argancon-communaute-de-communes-Vendeuvre-Soulaines-compressee-et-redimensionnee.jpg",600,450,false]},"_links":{"self":[{"href":"https:\/\/amis-parc-foret-orient.fr\/index.php\/wp-json\/wp\/v2\/posts\/5052","targetHints":{"allow":["GET"]}}],"collection":[{"href":"https:\/\/amis-parc-foret-orient.fr\/index.php\/wp-json\/wp\/v2\/posts"}],"about":[{"href":"https:\/\/amis-parc-foret-orient.fr\/index.php\/wp-json\/wp\/v2\/types\/post"}],"author":[{"embeddable":true,"href":"https:\/\/amis-parc-foret-orient.fr\/index.php\/wp-json\/wp\/v2\/users\/1"}],"replies":[{"embeddable":true,"href":"https:\/\/amis-parc-foret-orient.fr\/index.php\/wp-json\/wp\/v2\/comments?post=5052"}],"version-history":[{"count":0,"href":"https:\/\/amis-parc-foret-orient.fr\/index.php\/wp-json\/wp\/v2\/posts\/5052\/revisions"}],"wp:featuredmedia":[{"embeddable":true,"href":"https:\/\/amis-parc-foret-orient.fr\/index.php\/wp-json\/wp\/v2\/media\/5083"}],"wp:attachment":[{"href":"https:\/\/amis-parc-foret-orient.fr\/index.php\/wp-json\/wp\/v2\/media?parent=5052"}],"wp:term":[{"taxonomy":"category","embeddable":true,"href":"https:\/\/amis-parc-foret-orient.fr\/index.php\/wp-json\/wp\/v2\/categories?post=5052"},{"taxonomy":"post_tag","embeddable":true,"href":"https:\/\/amis-parc-foret-orient.fr\/index.php\/wp-json\/wp\/v2\/tags?post=5052"}],"curies":[{"name":"wp","href":"https:\/\/api.w.org\/{rel}","templated":true}]}}