{"id":5026,"date":"2025-01-01T09:27:00","date_gmt":"2025-01-01T08:27:00","guid":{"rendered":"https:\/\/amis-parc-foret-orient.fr\/?p=5026"},"modified":"2025-09-30T13:39:40","modified_gmt":"2025-09-30T12:39:40","slug":"samedi-27-septembre-2025-concert-spectacle-la-plus-grande-des-decouvertes","status":"publish","type":"post","link":"https:\/\/amis-parc-foret-orient.fr\/index.php\/2025\/01\/01\/samedi-27-septembre-2025-concert-spectacle-la-plus-grande-des-decouvertes\/","title":{"rendered":"Samedi 27 septembre 2025 &#8211; Concert-spectacle \u00ab\u00a0La plus grande des d\u00e9couvertes\u00a0\u00bb"},"content":{"rendered":"\n<p>Ce sont 71 personnes qui ont assist\u00e9 au nouveau spectacle de la chorale engag\u00e9e Les Cho-r\u00e2leurs, dirig\u00e9e par Sylvie Ponsot, \u00e0 Bouranton.<\/p>\n\n\n\n<!--more-->\n\n\n\n<p>Ce spectacle invite \u00e0 un voyage musical au-del\u00e0 des oc\u00e9ans, revisitant les territoires marqu\u00e9s par la colonisation \u00e0 travers les si\u00e8cles. Embarquant le public de la M\u00e9diterran\u00e9e \u00e0 la Bretagne, puis vers l\u2019Irlande, les Antilles, la Louisiane, et enfin le Qu\u00e9bec, les Cho-r\u00e2leurs proposent une travers\u00e9e sonore riche de chants traditionnels et d\u2019auteurs. Ces chants de travail, de peine, de lutte, de joie et d\u2019esp\u00e9rance r\u00e9v\u00e8lent un nouveau monde, c\u00e9l\u00e9brant la diversit\u00e9 et l\u2019unit\u00e9 humaine.<\/p>\n\n\n\n<p><strong>D\u00e9but du spectacle \u00e0 20h00 (ouverture des portes vers 19h30) dans la salle polyvalente de Bouranton.<\/strong><\/p>\n\n\n\n<p><strong>Billetterie sur place.<\/strong><\/p>\n\n\n\n<p><em>Tarif : 10 euros \/ gratuit pour les moins de 16 ans.<\/em><\/p>\n\n\n\n<p><\/p>\n","protected":false},"excerpt":{"rendered":"<p>Ce sont 71 personnes qui ont assist\u00e9 au nouveau spectacle de la chorale engag\u00e9e Les Cho-r\u00e2leurs, dirig\u00e9e par Sylvie Ponsot, \u00e0 Bouranton.<\/p>\n","protected":false},"author":1,"featured_media":5029,"comment_status":"closed","ping_status":"closed","sticky":false,"template":"","format":"standard","meta":{"footnotes":"","_wp_rev_ctl_limit":""},"categories":[259,21,252],"tags":[],"class_list":["post-5026","post","type-post","status-publish","format-standard","has-post-thumbnail","hentry","category-3eme-trimestre-2025","category-animations","category-animations-passees"],"yoast_head":"<!-- This site is optimized with the Yoast SEO plugin v27.5 - https:\/\/yoast.com\/product\/yoast-seo-wordpress\/ -->\n<title>Samedi 27 septembre 2025 - Concert-spectacle &quot;La plus grande des d\u00e9couvertes&quot; - Les Amis du Parc de la For\u00eat d&#039;Orient<\/title>\n<meta name=\"robots\" content=\"index, follow, max-snippet:-1, max-image-preview:large, max-video-preview:-1\" \/>\n<link rel=\"canonical\" href=\"https:\/\/amis-parc-foret-orient.fr\/index.php\/2025\/01\/01\/samedi-27-septembre-2025-concert-spectacle-la-plus-grande-des-decouvertes\/\" \/>\n<meta property=\"og:locale\" content=\"fr_FR\" \/>\n<meta property=\"og:type\" content=\"article\" \/>\n<meta property=\"og:title\" content=\"Samedi 27 septembre 2025 - Concert-spectacle &quot;La plus grande des d\u00e9couvertes&quot; - Les Amis du Parc de la For\u00eat d&#039;Orient\" \/>\n<meta property=\"og:description\" content=\"Ce sont 71 personnes qui ont assist\u00e9 au nouveau spectacle de la chorale engag\u00e9e Les Cho-r\u00e2leurs, dirig\u00e9e par Sylvie Ponsot, \u00e0 Bouranton.\" \/>\n<meta property=\"og:url\" content=\"https:\/\/amis-parc-foret-orient.fr\/index.php\/2025\/01\/01\/samedi-27-septembre-2025-concert-spectacle-la-plus-grande-des-decouvertes\/\" \/>\n<meta property=\"og:site_name\" content=\"Les Amis du Parc de la For\u00eat d&#039;Orient\" \/>\n<meta property=\"article:publisher\" content=\"https:\/\/www.facebook.com\/Amis.du.Parc\/\" \/>\n<meta property=\"article:published_time\" content=\"2025-01-01T08:27:00+00:00\" \/>\n<meta property=\"article:modified_time\" content=\"2025-09-30T12:39:40+00:00\" \/>\n<meta property=\"og:image\" content=\"https:\/\/amis-parc-foret-orient.fr\/wp-content\/uploads\/2025\/09\/affiche-concert-Cho-raleurs-Bouranton-27-sept-2025-Amis-du-PNRFO-redimensionnee-et-compressee.jpg\" \/>\n\t<meta property=\"og:image:width\" content=\"566\" \/>\n\t<meta property=\"og:image:height\" content=\"800\" \/>\n\t<meta property=\"og:image:type\" content=\"image\/jpeg\" \/>\n<meta name=\"author\" content=\"Katell\" \/>\n<meta name=\"twitter:card\" content=\"summary_large_image\" \/>\n<meta name=\"twitter:label1\" content=\"\u00c9crit par\" \/>\n\t<meta name=\"twitter:data1\" content=\"Katell\" \/>\n\t<meta name=\"twitter:label2\" content=\"Dur\u00e9e de lecture estim\u00e9e\" \/>\n\t<meta name=\"twitter:data2\" content=\"1 minute\" \/>\n<script type=\"application\/ld+json\" class=\"yoast-schema-graph\">{\"@context\":\"https:\\\/\\\/schema.org\",\"@graph\":[{\"@type\":\"Article\",\"@id\":\"https:\\\/\\\/amis-parc-foret-orient.fr\\\/index.php\\\/2025\\\/01\\\/01\\\/samedi-27-septembre-2025-concert-spectacle-la-plus-grande-des-decouvertes\\\/#article\",\"isPartOf\":{\"@id\":\"https:\\\/\\\/amis-parc-foret-orient.fr\\\/index.php\\\/2025\\\/01\\\/01\\\/samedi-27-septembre-2025-concert-spectacle-la-plus-grande-des-decouvertes\\\/\"},\"author\":{\"name\":\"Katell\",\"@id\":\"https:\\\/\\\/amis-parc-foret-orient.fr\\\/#\\\/schema\\\/person\\\/8961238e6b786153d305b90e6d96037f\"},\"headline\":\"Samedi 27 septembre 2025 &#8211; Concert-spectacle \u00ab\u00a0La plus grande des d\u00e9couvertes\u00a0\u00bb\",\"datePublished\":\"2025-01-01T08:27:00+00:00\",\"dateModified\":\"2025-09-30T12:39:40+00:00\",\"mainEntityOfPage\":{\"@id\":\"https:\\\/\\\/amis-parc-foret-orient.fr\\\/index.php\\\/2025\\\/01\\\/01\\\/samedi-27-septembre-2025-concert-spectacle-la-plus-grande-des-decouvertes\\\/\"},\"wordCount\":149,\"publisher\":{\"@id\":\"https:\\\/\\\/amis-parc-foret-orient.fr\\\/#organization\"},\"image\":{\"@id\":\"https:\\\/\\\/amis-parc-foret-orient.fr\\\/index.php\\\/2025\\\/01\\\/01\\\/samedi-27-septembre-2025-concert-spectacle-la-plus-grande-des-decouvertes\\\/#primaryimage\"},\"thumbnailUrl\":\"https:\\\/\\\/amis-parc-foret-orient.fr\\\/wp-content\\\/uploads\\\/2025\\\/09\\\/affiche-concert-Cho-raleurs-Bouranton-27-sept-2025-Amis-du-PNRFO-redimensionnee-et-compressee.jpg\",\"articleSection\":[\"3\u00e8me trimestre 2025\",\"Animations\",\"Animations pass\u00e9es\"],\"inLanguage\":\"fr-FR\"},{\"@type\":\"WebPage\",\"@id\":\"https:\\\/\\\/amis-parc-foret-orient.fr\\\/index.php\\\/2025\\\/01\\\/01\\\/samedi-27-septembre-2025-concert-spectacle-la-plus-grande-des-decouvertes\\\/\",\"url\":\"https:\\\/\\\/amis-parc-foret-orient.fr\\\/index.php\\\/2025\\\/01\\\/01\\\/samedi-27-septembre-2025-concert-spectacle-la-plus-grande-des-decouvertes\\\/\",\"name\":\"Samedi 27 septembre 2025 - Concert-spectacle \\\"La plus grande des d\u00e9couvertes\\\" - Les Amis du Parc de la For\u00eat d&#039;Orient\",\"isPartOf\":{\"@id\":\"https:\\\/\\\/amis-parc-foret-orient.fr\\\/#website\"},\"primaryImageOfPage\":{\"@id\":\"https:\\\/\\\/amis-parc-foret-orient.fr\\\/index.php\\\/2025\\\/01\\\/01\\\/samedi-27-septembre-2025-concert-spectacle-la-plus-grande-des-decouvertes\\\/#primaryimage\"},\"image\":{\"@id\":\"https:\\\/\\\/amis-parc-foret-orient.fr\\\/index.php\\\/2025\\\/01\\\/01\\\/samedi-27-septembre-2025-concert-spectacle-la-plus-grande-des-decouvertes\\\/#primaryimage\"},\"thumbnailUrl\":\"https:\\\/\\\/amis-parc-foret-orient.fr\\\/wp-content\\\/uploads\\\/2025\\\/09\\\/affiche-concert-Cho-raleurs-Bouranton-27-sept-2025-Amis-du-PNRFO-redimensionnee-et-compressee.jpg\",\"datePublished\":\"2025-01-01T08:27:00+00:00\",\"dateModified\":\"2025-09-30T12:39:40+00:00\",\"breadcrumb\":{\"@id\":\"https:\\\/\\\/amis-parc-foret-orient.fr\\\/index.php\\\/2025\\\/01\\\/01\\\/samedi-27-septembre-2025-concert-spectacle-la-plus-grande-des-decouvertes\\\/#breadcrumb\"},\"inLanguage\":\"fr-FR\",\"potentialAction\":[{\"@type\":\"ReadAction\",\"target\":[\"https:\\\/\\\/amis-parc-foret-orient.fr\\\/index.php\\\/2025\\\/01\\\/01\\\/samedi-27-septembre-2025-concert-spectacle-la-plus-grande-des-decouvertes\\\/\"]}]},{\"@type\":\"ImageObject\",\"inLanguage\":\"fr-FR\",\"@id\":\"https:\\\/\\\/amis-parc-foret-orient.fr\\\/index.php\\\/2025\\\/01\\\/01\\\/samedi-27-septembre-2025-concert-spectacle-la-plus-grande-des-decouvertes\\\/#primaryimage\",\"url\":\"https:\\\/\\\/amis-parc-foret-orient.fr\\\/wp-content\\\/uploads\\\/2025\\\/09\\\/affiche-concert-Cho-raleurs-Bouranton-27-sept-2025-Amis-du-PNRFO-redimensionnee-et-compressee.jpg\",\"contentUrl\":\"https:\\\/\\\/amis-parc-foret-orient.fr\\\/wp-content\\\/uploads\\\/2025\\\/09\\\/affiche-concert-Cho-raleurs-Bouranton-27-sept-2025-Amis-du-PNRFO-redimensionnee-et-compressee.jpg\",\"width\":566,\"height\":800},{\"@type\":\"BreadcrumbList\",\"@id\":\"https:\\\/\\\/amis-parc-foret-orient.fr\\\/index.php\\\/2025\\\/01\\\/01\\\/samedi-27-septembre-2025-concert-spectacle-la-plus-grande-des-decouvertes\\\/#breadcrumb\",\"itemListElement\":[{\"@type\":\"ListItem\",\"position\":1,\"name\":\"Home\",\"item\":\"https:\\\/\\\/amis-parc-foret-orient.fr\\\/\"},{\"@type\":\"ListItem\",\"position\":2,\"name\":\"Samedi 27 septembre 2025 &#8211; Concert-spectacle \u00ab\u00a0La plus grande des d\u00e9couvertes\u00a0\u00bb\"}]},{\"@type\":\"WebSite\",\"@id\":\"https:\\\/\\\/amis-parc-foret-orient.fr\\\/#website\",\"url\":\"https:\\\/\\\/amis-parc-foret-orient.fr\\\/\",\"name\":\"Les Amis du Parc de la For\u00eat d'Orient\",\"description\":\"\",\"publisher\":{\"@id\":\"https:\\\/\\\/amis-parc-foret-orient.fr\\\/#organization\"},\"potentialAction\":[{\"@type\":\"SearchAction\",\"target\":{\"@type\":\"EntryPoint\",\"urlTemplate\":\"https:\\\/\\\/amis-parc-foret-orient.fr\\\/?s={search_term_string}\"},\"query-input\":{\"@type\":\"PropertyValueSpecification\",\"valueRequired\":true,\"valueName\":\"search_term_string\"}}],\"inLanguage\":\"fr-FR\"},{\"@type\":\"Organization\",\"@id\":\"https:\\\/\\\/amis-parc-foret-orient.fr\\\/#organization\",\"name\":\"Les Amis du Parc de la For\u00eat d'Orient\",\"url\":\"https:\\\/\\\/amis-parc-foret-orient.fr\\\/\",\"logo\":{\"@type\":\"ImageObject\",\"inLanguage\":\"fr-FR\",\"@id\":\"https:\\\/\\\/amis-parc-foret-orient.fr\\\/#\\\/schema\\\/logo\\\/image\\\/\",\"url\":\"https:\\\/\\\/amis-parc-foret-orient.fr\\\/wp-content\\\/uploads\\\/2025\\\/08\\\/cropped-logo_amis_parc_2025_150-1-1.png\",\"contentUrl\":\"https:\\\/\\\/amis-parc-foret-orient.fr\\\/wp-content\\\/uploads\\\/2025\\\/08\\\/cropped-logo_amis_parc_2025_150-1-1.png\",\"width\":400,\"height\":175,\"caption\":\"Les Amis du Parc de la For\u00eat d'Orient\"},\"image\":{\"@id\":\"https:\\\/\\\/amis-parc-foret-orient.fr\\\/#\\\/schema\\\/logo\\\/image\\\/\"},\"sameAs\":[\"https:\\\/\\\/www.facebook.com\\\/Amis.du.Parc\\\/\"]},{\"@type\":\"Person\",\"@id\":\"https:\\\/\\\/amis-parc-foret-orient.fr\\\/#\\\/schema\\\/person\\\/8961238e6b786153d305b90e6d96037f\",\"name\":\"Katell\",\"image\":{\"@type\":\"ImageObject\",\"inLanguage\":\"fr-FR\",\"@id\":\"https:\\\/\\\/secure.gravatar.com\\\/avatar\\\/e3d85f2f6ff53b0fa29c4f19018fd7eacf2d993b69093d04ab556e1a47b4910e?s=96&d=monsterid&r=g\",\"url\":\"https:\\\/\\\/secure.gravatar.com\\\/avatar\\\/e3d85f2f6ff53b0fa29c4f19018fd7eacf2d993b69093d04ab556e1a47b4910e?s=96&d=monsterid&r=g\",\"contentUrl\":\"https:\\\/\\\/secure.gravatar.com\\\/avatar\\\/e3d85f2f6ff53b0fa29c4f19018fd7eacf2d993b69093d04ab556e1a47b4910e?s=96&d=monsterid&r=g\",\"caption\":\"Katell\"},\"url\":\"https:\\\/\\\/amis-parc-foret-orient.fr\\\/index.php\\\/author\\\/ladpsn4-2-2-2-2-2-2-2-2-2-2\\\/\"}]}<\/script>\n<!-- \/ Yoast SEO plugin. -->","yoast_head_json":{"title":"Samedi 27 septembre 2025 - Concert-spectacle \"La plus grande des d\u00e9couvertes\" - Les Amis du Parc de la For\u00eat d&#039;Orient","robots":{"index":"index","follow":"follow","max-snippet":"max-snippet:-1","max-image-preview":"max-image-preview:large","max-video-preview":"max-video-preview:-1"},"canonical":"https:\/\/amis-parc-foret-orient.fr\/index.php\/2025\/01\/01\/samedi-27-septembre-2025-concert-spectacle-la-plus-grande-des-decouvertes\/","og_locale":"fr_FR","og_type":"article","og_title":"Samedi 27 septembre 2025 - Concert-spectacle \"La plus grande des d\u00e9couvertes\" - Les Amis du Parc de la For\u00eat d&#039;Orient","og_description":"Ce sont 71 personnes qui ont assist\u00e9 au nouveau spectacle de la chorale engag\u00e9e Les Cho-r\u00e2leurs, dirig\u00e9e par Sylvie Ponsot, \u00e0 Bouranton.","og_url":"https:\/\/amis-parc-foret-orient.fr\/index.php\/2025\/01\/01\/samedi-27-septembre-2025-concert-spectacle-la-plus-grande-des-decouvertes\/","og_site_name":"Les Amis du Parc de la For\u00eat d&#039;Orient","article_publisher":"https:\/\/www.facebook.com\/Amis.du.Parc\/","article_published_time":"2025-01-01T08:27:00+00:00","article_modified_time":"2025-09-30T12:39:40+00:00","og_image":[{"width":566,"height":800,"url":"https:\/\/amis-parc-foret-orient.fr\/wp-content\/uploads\/2025\/09\/affiche-concert-Cho-raleurs-Bouranton-27-sept-2025-Amis-du-PNRFO-redimensionnee-et-compressee.jpg","type":"image\/jpeg"}],"author":"Katell","twitter_card":"summary_large_image","twitter_misc":{"\u00c9crit par":"Katell","Dur\u00e9e de lecture estim\u00e9e":"1 minute"},"schema":{"@context":"https:\/\/schema.org","@graph":[{"@type":"Article","@id":"https:\/\/amis-parc-foret-orient.fr\/index.php\/2025\/01\/01\/samedi-27-septembre-2025-concert-spectacle-la-plus-grande-des-decouvertes\/#article","isPartOf":{"@id":"https:\/\/amis-parc-foret-orient.fr\/index.php\/2025\/01\/01\/samedi-27-septembre-2025-concert-spectacle-la-plus-grande-des-decouvertes\/"},"author":{"name":"Katell","@id":"https:\/\/amis-parc-foret-orient.fr\/#\/schema\/person\/8961238e6b786153d305b90e6d96037f"},"headline":"Samedi 27 septembre 2025 &#8211; Concert-spectacle \u00ab\u00a0La plus grande des d\u00e9couvertes\u00a0\u00bb","datePublished":"2025-01-01T08:27:00+00:00","dateModified":"2025-09-30T12:39:40+00:00","mainEntityOfPage":{"@id":"https:\/\/amis-parc-foret-orient.fr\/index.php\/2025\/01\/01\/samedi-27-septembre-2025-concert-spectacle-la-plus-grande-des-decouvertes\/"},"wordCount":149,"publisher":{"@id":"https:\/\/amis-parc-foret-orient.fr\/#organization"},"image":{"@id":"https:\/\/amis-parc-foret-orient.fr\/index.php\/2025\/01\/01\/samedi-27-septembre-2025-concert-spectacle-la-plus-grande-des-decouvertes\/#primaryimage"},"thumbnailUrl":"https:\/\/amis-parc-foret-orient.fr\/wp-content\/uploads\/2025\/09\/affiche-concert-Cho-raleurs-Bouranton-27-sept-2025-Amis-du-PNRFO-redimensionnee-et-compressee.jpg","articleSection":["3\u00e8me trimestre 2025","Animations","Animations pass\u00e9es"],"inLanguage":"fr-FR"},{"@type":"WebPage","@id":"https:\/\/amis-parc-foret-orient.fr\/index.php\/2025\/01\/01\/samedi-27-septembre-2025-concert-spectacle-la-plus-grande-des-decouvertes\/","url":"https:\/\/amis-parc-foret-orient.fr\/index.php\/2025\/01\/01\/samedi-27-septembre-2025-concert-spectacle-la-plus-grande-des-decouvertes\/","name":"Samedi 27 septembre 2025 - Concert-spectacle \"La plus grande des d\u00e9couvertes\" - Les Amis du Parc de la For\u00eat d&#039;Orient","isPartOf":{"@id":"https:\/\/amis-parc-foret-orient.fr\/#website"},"primaryImageOfPage":{"@id":"https:\/\/amis-parc-foret-orient.fr\/index.php\/2025\/01\/01\/samedi-27-septembre-2025-concert-spectacle-la-plus-grande-des-decouvertes\/#primaryimage"},"image":{"@id":"https:\/\/amis-parc-foret-orient.fr\/index.php\/2025\/01\/01\/samedi-27-septembre-2025-concert-spectacle-la-plus-grande-des-decouvertes\/#primaryimage"},"thumbnailUrl":"https:\/\/amis-parc-foret-orient.fr\/wp-content\/uploads\/2025\/09\/affiche-concert-Cho-raleurs-Bouranton-27-sept-2025-Amis-du-PNRFO-redimensionnee-et-compressee.jpg","datePublished":"2025-01-01T08:27:00+00:00","dateModified":"2025-09-30T12:39:40+00:00","breadcrumb":{"@id":"https:\/\/amis-parc-foret-orient.fr\/index.php\/2025\/01\/01\/samedi-27-septembre-2025-concert-spectacle-la-plus-grande-des-decouvertes\/#breadcrumb"},"inLanguage":"fr-FR","potentialAction":[{"@type":"ReadAction","target":["https:\/\/amis-parc-foret-orient.fr\/index.php\/2025\/01\/01\/samedi-27-septembre-2025-concert-spectacle-la-plus-grande-des-decouvertes\/"]}]},{"@type":"ImageObject","inLanguage":"fr-FR","@id":"https:\/\/amis-parc-foret-orient.fr\/index.php\/2025\/01\/01\/samedi-27-septembre-2025-concert-spectacle-la-plus-grande-des-decouvertes\/#primaryimage","url":"https:\/\/amis-parc-foret-orient.fr\/wp-content\/uploads\/2025\/09\/affiche-concert-Cho-raleurs-Bouranton-27-sept-2025-Amis-du-PNRFO-redimensionnee-et-compressee.jpg","contentUrl":"https:\/\/amis-parc-foret-orient.fr\/wp-content\/uploads\/2025\/09\/affiche-concert-Cho-raleurs-Bouranton-27-sept-2025-Amis-du-PNRFO-redimensionnee-et-compressee.jpg","width":566,"height":800},{"@type":"BreadcrumbList","@id":"https:\/\/amis-parc-foret-orient.fr\/index.php\/2025\/01\/01\/samedi-27-septembre-2025-concert-spectacle-la-plus-grande-des-decouvertes\/#breadcrumb","itemListElement":[{"@type":"ListItem","position":1,"name":"Home","item":"https:\/\/amis-parc-foret-orient.fr\/"},{"@type":"ListItem","position":2,"name":"Samedi 27 septembre 2025 &#8211; Concert-spectacle \u00ab\u00a0La plus grande des d\u00e9couvertes\u00a0\u00bb"}]},{"@type":"WebSite","@id":"https:\/\/amis-parc-foret-orient.fr\/#website","url":"https:\/\/amis-parc-foret-orient.fr\/","name":"Les Amis du Parc de la For\u00eat d'Orient","description":"","publisher":{"@id":"https:\/\/amis-parc-foret-orient.fr\/#organization"},"potentialAction":[{"@type":"SearchAction","target":{"@type":"EntryPoint","urlTemplate":"https:\/\/amis-parc-foret-orient.fr\/?s={search_term_string}"},"query-input":{"@type":"PropertyValueSpecification","valueRequired":true,"valueName":"search_term_string"}}],"inLanguage":"fr-FR"},{"@type":"Organization","@id":"https:\/\/amis-parc-foret-orient.fr\/#organization","name":"Les Amis du Parc de la For\u00eat d'Orient","url":"https:\/\/amis-parc-foret-orient.fr\/","logo":{"@type":"ImageObject","inLanguage":"fr-FR","@id":"https:\/\/amis-parc-foret-orient.fr\/#\/schema\/logo\/image\/","url":"https:\/\/amis-parc-foret-orient.fr\/wp-content\/uploads\/2025\/08\/cropped-logo_amis_parc_2025_150-1-1.png","contentUrl":"https:\/\/amis-parc-foret-orient.fr\/wp-content\/uploads\/2025\/08\/cropped-logo_amis_parc_2025_150-1-1.png","width":400,"height":175,"caption":"Les Amis du Parc de la For\u00eat d'Orient"},"image":{"@id":"https:\/\/amis-parc-foret-orient.fr\/#\/schema\/logo\/image\/"},"sameAs":["https:\/\/www.facebook.com\/Amis.du.Parc\/"]},{"@type":"Person","@id":"https:\/\/amis-parc-foret-orient.fr\/#\/schema\/person\/8961238e6b786153d305b90e6d96037f","name":"Katell","image":{"@type":"ImageObject","inLanguage":"fr-FR","@id":"https:\/\/secure.gravatar.com\/avatar\/e3d85f2f6ff53b0fa29c4f19018fd7eacf2d993b69093d04ab556e1a47b4910e?s=96&d=monsterid&r=g","url":"https:\/\/secure.gravatar.com\/avatar\/e3d85f2f6ff53b0fa29c4f19018fd7eacf2d993b69093d04ab556e1a47b4910e?s=96&d=monsterid&r=g","contentUrl":"https:\/\/secure.gravatar.com\/avatar\/e3d85f2f6ff53b0fa29c4f19018fd7eacf2d993b69093d04ab556e1a47b4910e?s=96&d=monsterid&r=g","caption":"Katell"},"url":"https:\/\/amis-parc-foret-orient.fr\/index.php\/author\/ladpsn4-2-2-2-2-2-2-2-2-2-2\/"}]}},"blog_post_layout_featured_media_urls":{"thumbnail":["https:\/\/amis-parc-foret-orient.fr\/wp-content\/uploads\/2025\/09\/affiche-concert-Cho-raleurs-Bouranton-27-sept-2025-Amis-du-PNRFO-redimensionnee-et-compressee-150x150.jpg",150,150,true],"full":["https:\/\/amis-parc-foret-orient.fr\/wp-content\/uploads\/2025\/09\/affiche-concert-Cho-raleurs-Bouranton-27-sept-2025-Amis-du-PNRFO-redimensionnee-et-compressee.jpg",566,800,false]},"categories_names":{"259":{"name":"3\u00e8me trimestre 2025","link":"https:\/\/amis-parc-foret-orient.fr\/index.php\/category\/animations\/archives\/3eme-trimestre-2025\/"},"21":{"name":"Animations","link":"https:\/\/amis-parc-foret-orient.fr\/index.php\/category\/animations\/"},"252":{"name":"Animations pass\u00e9es","link":"https:\/\/amis-parc-foret-orient.fr\/index.php\/category\/animations\/animations-passees\/"}},"tags_names":[],"comments_number":"0","wpmagazine_modules_lite_featured_media_urls":{"thumbnail":["https:\/\/amis-parc-foret-orient.fr\/wp-content\/uploads\/2025\/09\/affiche-concert-Cho-raleurs-Bouranton-27-sept-2025-Amis-du-PNRFO-redimensionnee-et-compressee-150x150.jpg",150,150,true],"cvmm-medium":["https:\/\/amis-parc-foret-orient.fr\/wp-content\/uploads\/2025\/09\/affiche-concert-Cho-raleurs-Bouranton-27-sept-2025-Amis-du-PNRFO-redimensionnee-et-compressee.jpg",212,300,false],"cvmm-medium-plus":["https:\/\/amis-parc-foret-orient.fr\/wp-content\/uploads\/2025\/09\/affiche-concert-Cho-raleurs-Bouranton-27-sept-2025-Amis-du-PNRFO-redimensionnee-et-compressee.jpg",146,207,false],"cvmm-portrait":["https:\/\/amis-parc-foret-orient.fr\/wp-content\/uploads\/2025\/09\/affiche-concert-Cho-raleurs-Bouranton-27-sept-2025-Amis-du-PNRFO-redimensionnee-et-compressee.jpg",400,565,false],"cvmm-medium-square":["https:\/\/amis-parc-foret-orient.fr\/wp-content\/uploads\/2025\/09\/affiche-concert-Cho-raleurs-Bouranton-27-sept-2025-Amis-du-PNRFO-redimensionnee-et-compressee.jpg",425,600,false],"cvmm-large":["https:\/\/amis-parc-foret-orient.fr\/wp-content\/uploads\/2025\/09\/affiche-concert-Cho-raleurs-Bouranton-27-sept-2025-Amis-du-PNRFO-redimensionnee-et-compressee.jpg",566,800,false],"cvmm-small":["https:\/\/amis-parc-foret-orient.fr\/wp-content\/uploads\/2025\/09\/affiche-concert-Cho-raleurs-Bouranton-27-sept-2025-Amis-du-PNRFO-redimensionnee-et-compressee.jpg",67,95,false],"full":["https:\/\/amis-parc-foret-orient.fr\/wp-content\/uploads\/2025\/09\/affiche-concert-Cho-raleurs-Bouranton-27-sept-2025-Amis-du-PNRFO-redimensionnee-et-compressee.jpg",566,800,false]},"_links":{"self":[{"href":"https:\/\/amis-parc-foret-orient.fr\/index.php\/wp-json\/wp\/v2\/posts\/5026","targetHints":{"allow":["GET"]}}],"collection":[{"href":"https:\/\/amis-parc-foret-orient.fr\/index.php\/wp-json\/wp\/v2\/posts"}],"about":[{"href":"https:\/\/amis-parc-foret-orient.fr\/index.php\/wp-json\/wp\/v2\/types\/post"}],"author":[{"embeddable":true,"href":"https:\/\/amis-parc-foret-orient.fr\/index.php\/wp-json\/wp\/v2\/users\/1"}],"replies":[{"embeddable":true,"href":"https:\/\/amis-parc-foret-orient.fr\/index.php\/wp-json\/wp\/v2\/comments?post=5026"}],"version-history":[{"count":0,"href":"https:\/\/amis-parc-foret-orient.fr\/index.php\/wp-json\/wp\/v2\/posts\/5026\/revisions"}],"wp:featuredmedia":[{"embeddable":true,"href":"https:\/\/amis-parc-foret-orient.fr\/index.php\/wp-json\/wp\/v2\/media\/5029"}],"wp:attachment":[{"href":"https:\/\/amis-parc-foret-orient.fr\/index.php\/wp-json\/wp\/v2\/media?parent=5026"}],"wp:term":[{"taxonomy":"category","embeddable":true,"href":"https:\/\/amis-parc-foret-orient.fr\/index.php\/wp-json\/wp\/v2\/categories?post=5026"},{"taxonomy":"post_tag","embeddable":true,"href":"https:\/\/amis-parc-foret-orient.fr\/index.php\/wp-json\/wp\/v2\/tags?post=5026"}],"curies":[{"name":"wp","href":"https:\/\/api.w.org\/{rel}","templated":true}]}}