{"id":331,"date":"2025-01-01T02:03:00","date_gmt":"2025-01-01T01:03:00","guid":{"rendered":"http:\/\/195.83.128.55\/~mmi16c14\/stage_court\/wordpress\/?p=331"},"modified":"2025-08-26T16:00:48","modified_gmt":"2025-08-26T15:00:48","slug":"apres-midi-theatrale-mjc-marigny","status":"publish","type":"post","link":"https:\/\/amis-parc-foret-orient.fr\/index.php\/2025\/01\/01\/apres-midi-theatrale-mjc-marigny\/","title":{"rendered":"Apr\u00e8s-midi th\u00e9\u00e2tral avec la MJC Marigny \/ Saint-Flavy &#8211; dimanche 2 mars 2025"},"content":{"rendered":"<p>Ce sont 90 personnes qui ont assist\u00e9 \u00e0 la repr\u00e9sentation de ce dimanche 2 mars 2025 \u00e0 la halle sportive de Mesnil-Saint-P\u00e8re avec la troupe de la MJC Marigny \/ Saint-Flavy. Ils nous ont propos\u00e9 une repr\u00e9sentation de la com\u00e9die \u00ab D\u00e9p\u00eache-toi bibiche, on va rater l\u2019avion \u00bb de J\u00e9r\u00f4me Dubois. <\/p>\n<p><em>Bref r\u00e9sum\u00e9 de la pi\u00e8ce :<br \/>\n\u00ab Leur voyage au Maroc, Marc et Sophie l\u2019attendent depuis si longtemps\u2026 Soleil et farniente, ils en r\u00eavent depuis des mois ! Bye, bye, la grisaille de Paris, \u00e0 eux le soleil de Rabat ! Mais le jour J, le d\u00e9part s\u2019av\u00e8re plus compliqu\u00e9 que pr\u00e9vu. Des valises difficiles \u00e0 boucler et une voisine empoisonnante, surnomm\u00e9e la vieille chouette, vont vite faire monter la pression avant le d\u00e9part. Le fameux d\u00e9part que la concierge espagnole de l\u2019immeuble attend, elle aussi, avec beaucoup d\u2019impatience, mais pas pour les m\u00eames raisons\u2026 \u00bb<\/em><\/p>\n","protected":false},"excerpt":{"rendered":"<p>Ce sont 90 personnes qui ont assist\u00e9 \u00e0 la repr\u00e9sentation de ce dimanche 2 mars 2025 \u00e0 la halle sportive de Mesnil-Saint-P\u00e8re avec la troupe de la MJC Marigny \/ Saint-Flavy. Ils nous ont propos\u00e9 une repr\u00e9sentation de la com\u00e9die \u00ab D\u00e9p\u00eache-toi bibiche, on va rater l\u2019avion \u00bb de J\u00e9r\u00f4me Dubois. Bref r\u00e9sum\u00e9 de la [&hellip;]<\/p>\n","protected":false},"author":1,"featured_media":4667,"comment_status":"closed","ping_status":"closed","sticky":false,"template":"","format":"standard","meta":{"footnotes":"","_wp_rev_ctl_limit":""},"categories":[257,21,252,24,37],"tags":[20],"class_list":["post-331","post","type-post","status-publish","format-standard","has-post-thumbnail","hentry","category-1er-trimestre-2025","category-animations","category-animations-passees","category-mars","category-sorties-culturelles","tag-theatre"],"yoast_head":"<!-- This site is optimized with the Yoast SEO plugin v27.5 - https:\/\/yoast.com\/product\/yoast-seo-wordpress\/ -->\n<title>Apr\u00e8s-midi th\u00e9\u00e2tral avec la MJC Marigny \/ Saint-Flavy - dimanche 2 mars 2025 - Les Amis du Parc de la For\u00eat d&#039;Orient<\/title>\n<meta name=\"robots\" content=\"index, follow, max-snippet:-1, max-image-preview:large, max-video-preview:-1\" \/>\n<link rel=\"canonical\" href=\"https:\/\/amis-parc-foret-orient.fr\/index.php\/2025\/01\/01\/apres-midi-theatrale-mjc-marigny\/\" \/>\n<meta property=\"og:locale\" content=\"fr_FR\" \/>\n<meta property=\"og:type\" content=\"article\" \/>\n<meta property=\"og:title\" content=\"Apr\u00e8s-midi th\u00e9\u00e2tral avec la MJC Marigny \/ Saint-Flavy - dimanche 2 mars 2025 - Les Amis du Parc de la For\u00eat d&#039;Orient\" \/>\n<meta property=\"og:description\" content=\"Ce sont 90 personnes qui ont assist\u00e9 \u00e0 la repr\u00e9sentation de ce dimanche 2 mars 2025 \u00e0 la halle sportive de Mesnil-Saint-P\u00e8re avec la troupe de la MJC Marigny \/ Saint-Flavy. Ils nous ont propos\u00e9 une repr\u00e9sentation de la com\u00e9die \u00ab D\u00e9p\u00eache-toi bibiche, on va rater l\u2019avion \u00bb de J\u00e9r\u00f4me Dubois. Bref r\u00e9sum\u00e9 de la [&hellip;]\" \/>\n<meta property=\"og:url\" content=\"https:\/\/amis-parc-foret-orient.fr\/index.php\/2025\/01\/01\/apres-midi-theatrale-mjc-marigny\/\" \/>\n<meta property=\"og:site_name\" content=\"Les Amis du Parc de la For\u00eat d&#039;Orient\" \/>\n<meta property=\"article:publisher\" content=\"https:\/\/www.facebook.com\/Amis.du.Parc\/\" \/>\n<meta property=\"article:published_time\" content=\"2025-01-01T01:03:00+00:00\" \/>\n<meta property=\"article:modified_time\" content=\"2025-08-26T15:00:48+00:00\" \/>\n<meta property=\"og:image\" content=\"https:\/\/amis-parc-foret-orient.fr\/wp-content\/uploads\/2024\/04\/affiche-Gpe-theatral-MJC-Marigny-St-Flavy-compressee-et-redimensionnee.jpg\" \/>\n\t<meta property=\"og:image:width\" content=\"566\" \/>\n\t<meta property=\"og:image:height\" content=\"800\" \/>\n\t<meta property=\"og:image:type\" content=\"image\/jpeg\" \/>\n<meta name=\"author\" content=\"Katell\" \/>\n<meta name=\"twitter:card\" content=\"summary_large_image\" \/>\n<meta name=\"twitter:label1\" content=\"\u00c9crit par\" \/>\n\t<meta name=\"twitter:data1\" content=\"Katell\" \/>\n\t<meta name=\"twitter:label2\" content=\"Dur\u00e9e de lecture estim\u00e9e\" \/>\n\t<meta name=\"twitter:data2\" content=\"1 minute\" \/>\n<script type=\"application\/ld+json\" class=\"yoast-schema-graph\">{\"@context\":\"https:\\\/\\\/schema.org\",\"@graph\":[{\"@type\":\"Article\",\"@id\":\"https:\\\/\\\/amis-parc-foret-orient.fr\\\/index.php\\\/2025\\\/01\\\/01\\\/apres-midi-theatrale-mjc-marigny\\\/#article\",\"isPartOf\":{\"@id\":\"https:\\\/\\\/amis-parc-foret-orient.fr\\\/index.php\\\/2025\\\/01\\\/01\\\/apres-midi-theatrale-mjc-marigny\\\/\"},\"author\":{\"name\":\"Katell\",\"@id\":\"https:\\\/\\\/amis-parc-foret-orient.fr\\\/#\\\/schema\\\/person\\\/8961238e6b786153d305b90e6d96037f\"},\"headline\":\"Apr\u00e8s-midi th\u00e9\u00e2tral avec la MJC Marigny \\\/ Saint-Flavy &#8211; dimanche 2 mars 2025\",\"datePublished\":\"2025-01-01T01:03:00+00:00\",\"dateModified\":\"2025-08-26T15:00:48+00:00\",\"mainEntityOfPage\":{\"@id\":\"https:\\\/\\\/amis-parc-foret-orient.fr\\\/index.php\\\/2025\\\/01\\\/01\\\/apres-midi-theatrale-mjc-marigny\\\/\"},\"wordCount\":167,\"publisher\":{\"@id\":\"https:\\\/\\\/amis-parc-foret-orient.fr\\\/#organization\"},\"image\":{\"@id\":\"https:\\\/\\\/amis-parc-foret-orient.fr\\\/index.php\\\/2025\\\/01\\\/01\\\/apres-midi-theatrale-mjc-marigny\\\/#primaryimage\"},\"thumbnailUrl\":\"https:\\\/\\\/amis-parc-foret-orient.fr\\\/wp-content\\\/uploads\\\/2024\\\/04\\\/affiche-Gpe-theatral-MJC-Marigny-St-Flavy-compressee-et-redimensionnee.jpg\",\"keywords\":[\"th\u00e9\u00e2tre\"],\"articleSection\":[\"1er trimestre 2025\",\"Animations\",\"Animations pass\u00e9es\",\"Mars\",\"Sorties culturelles\"],\"inLanguage\":\"fr-FR\"},{\"@type\":\"WebPage\",\"@id\":\"https:\\\/\\\/amis-parc-foret-orient.fr\\\/index.php\\\/2025\\\/01\\\/01\\\/apres-midi-theatrale-mjc-marigny\\\/\",\"url\":\"https:\\\/\\\/amis-parc-foret-orient.fr\\\/index.php\\\/2025\\\/01\\\/01\\\/apres-midi-theatrale-mjc-marigny\\\/\",\"name\":\"Apr\u00e8s-midi th\u00e9\u00e2tral avec la MJC Marigny \\\/ Saint-Flavy - dimanche 2 mars 2025 - Les Amis du Parc de la For\u00eat d&#039;Orient\",\"isPartOf\":{\"@id\":\"https:\\\/\\\/amis-parc-foret-orient.fr\\\/#website\"},\"primaryImageOfPage\":{\"@id\":\"https:\\\/\\\/amis-parc-foret-orient.fr\\\/index.php\\\/2025\\\/01\\\/01\\\/apres-midi-theatrale-mjc-marigny\\\/#primaryimage\"},\"image\":{\"@id\":\"https:\\\/\\\/amis-parc-foret-orient.fr\\\/index.php\\\/2025\\\/01\\\/01\\\/apres-midi-theatrale-mjc-marigny\\\/#primaryimage\"},\"thumbnailUrl\":\"https:\\\/\\\/amis-parc-foret-orient.fr\\\/wp-content\\\/uploads\\\/2024\\\/04\\\/affiche-Gpe-theatral-MJC-Marigny-St-Flavy-compressee-et-redimensionnee.jpg\",\"datePublished\":\"2025-01-01T01:03:00+00:00\",\"dateModified\":\"2025-08-26T15:00:48+00:00\",\"breadcrumb\":{\"@id\":\"https:\\\/\\\/amis-parc-foret-orient.fr\\\/index.php\\\/2025\\\/01\\\/01\\\/apres-midi-theatrale-mjc-marigny\\\/#breadcrumb\"},\"inLanguage\":\"fr-FR\",\"potentialAction\":[{\"@type\":\"ReadAction\",\"target\":[\"https:\\\/\\\/amis-parc-foret-orient.fr\\\/index.php\\\/2025\\\/01\\\/01\\\/apres-midi-theatrale-mjc-marigny\\\/\"]}]},{\"@type\":\"ImageObject\",\"inLanguage\":\"fr-FR\",\"@id\":\"https:\\\/\\\/amis-parc-foret-orient.fr\\\/index.php\\\/2025\\\/01\\\/01\\\/apres-midi-theatrale-mjc-marigny\\\/#primaryimage\",\"url\":\"https:\\\/\\\/amis-parc-foret-orient.fr\\\/wp-content\\\/uploads\\\/2024\\\/04\\\/affiche-Gpe-theatral-MJC-Marigny-St-Flavy-compressee-et-redimensionnee.jpg\",\"contentUrl\":\"https:\\\/\\\/amis-parc-foret-orient.fr\\\/wp-content\\\/uploads\\\/2024\\\/04\\\/affiche-Gpe-theatral-MJC-Marigny-St-Flavy-compressee-et-redimensionnee.jpg\",\"width\":566,\"height\":800},{\"@type\":\"BreadcrumbList\",\"@id\":\"https:\\\/\\\/amis-parc-foret-orient.fr\\\/index.php\\\/2025\\\/01\\\/01\\\/apres-midi-theatrale-mjc-marigny\\\/#breadcrumb\",\"itemListElement\":[{\"@type\":\"ListItem\",\"position\":1,\"name\":\"Home\",\"item\":\"https:\\\/\\\/amis-parc-foret-orient.fr\\\/\"},{\"@type\":\"ListItem\",\"position\":2,\"name\":\"Apr\u00e8s-midi th\u00e9\u00e2tral avec la MJC Marigny \\\/ Saint-Flavy &#8211; dimanche 2 mars 2025\"}]},{\"@type\":\"WebSite\",\"@id\":\"https:\\\/\\\/amis-parc-foret-orient.fr\\\/#website\",\"url\":\"https:\\\/\\\/amis-parc-foret-orient.fr\\\/\",\"name\":\"Les Amis du Parc de la For\u00eat d'Orient\",\"description\":\"\",\"publisher\":{\"@id\":\"https:\\\/\\\/amis-parc-foret-orient.fr\\\/#organization\"},\"potentialAction\":[{\"@type\":\"SearchAction\",\"target\":{\"@type\":\"EntryPoint\",\"urlTemplate\":\"https:\\\/\\\/amis-parc-foret-orient.fr\\\/?s={search_term_string}\"},\"query-input\":{\"@type\":\"PropertyValueSpecification\",\"valueRequired\":true,\"valueName\":\"search_term_string\"}}],\"inLanguage\":\"fr-FR\"},{\"@type\":\"Organization\",\"@id\":\"https:\\\/\\\/amis-parc-foret-orient.fr\\\/#organization\",\"name\":\"Les Amis du Parc de la For\u00eat d'Orient\",\"url\":\"https:\\\/\\\/amis-parc-foret-orient.fr\\\/\",\"logo\":{\"@type\":\"ImageObject\",\"inLanguage\":\"fr-FR\",\"@id\":\"https:\\\/\\\/amis-parc-foret-orient.fr\\\/#\\\/schema\\\/logo\\\/image\\\/\",\"url\":\"https:\\\/\\\/amis-parc-foret-orient.fr\\\/wp-content\\\/uploads\\\/2025\\\/08\\\/cropped-logo_amis_parc_2025_150-1-1.png\",\"contentUrl\":\"https:\\\/\\\/amis-parc-foret-orient.fr\\\/wp-content\\\/uploads\\\/2025\\\/08\\\/cropped-logo_amis_parc_2025_150-1-1.png\",\"width\":400,\"height\":175,\"caption\":\"Les Amis du Parc de la For\u00eat d'Orient\"},\"image\":{\"@id\":\"https:\\\/\\\/amis-parc-foret-orient.fr\\\/#\\\/schema\\\/logo\\\/image\\\/\"},\"sameAs\":[\"https:\\\/\\\/www.facebook.com\\\/Amis.du.Parc\\\/\"]},{\"@type\":\"Person\",\"@id\":\"https:\\\/\\\/amis-parc-foret-orient.fr\\\/#\\\/schema\\\/person\\\/8961238e6b786153d305b90e6d96037f\",\"name\":\"Katell\",\"image\":{\"@type\":\"ImageObject\",\"inLanguage\":\"fr-FR\",\"@id\":\"https:\\\/\\\/secure.gravatar.com\\\/avatar\\\/e3d85f2f6ff53b0fa29c4f19018fd7eacf2d993b69093d04ab556e1a47b4910e?s=96&d=monsterid&r=g\",\"url\":\"https:\\\/\\\/secure.gravatar.com\\\/avatar\\\/e3d85f2f6ff53b0fa29c4f19018fd7eacf2d993b69093d04ab556e1a47b4910e?s=96&d=monsterid&r=g\",\"contentUrl\":\"https:\\\/\\\/secure.gravatar.com\\\/avatar\\\/e3d85f2f6ff53b0fa29c4f19018fd7eacf2d993b69093d04ab556e1a47b4910e?s=96&d=monsterid&r=g\",\"caption\":\"Katell\"},\"url\":\"https:\\\/\\\/amis-parc-foret-orient.fr\\\/index.php\\\/author\\\/ladpsn4-2-2-2-2-2-2-2-2-2-2\\\/\"}]}<\/script>\n<!-- \/ Yoast SEO plugin. -->","yoast_head_json":{"title":"Apr\u00e8s-midi th\u00e9\u00e2tral avec la MJC Marigny \/ Saint-Flavy - dimanche 2 mars 2025 - Les Amis du Parc de la For\u00eat d&#039;Orient","robots":{"index":"index","follow":"follow","max-snippet":"max-snippet:-1","max-image-preview":"max-image-preview:large","max-video-preview":"max-video-preview:-1"},"canonical":"https:\/\/amis-parc-foret-orient.fr\/index.php\/2025\/01\/01\/apres-midi-theatrale-mjc-marigny\/","og_locale":"fr_FR","og_type":"article","og_title":"Apr\u00e8s-midi th\u00e9\u00e2tral avec la MJC Marigny \/ Saint-Flavy - dimanche 2 mars 2025 - Les Amis du Parc de la For\u00eat d&#039;Orient","og_description":"Ce sont 90 personnes qui ont assist\u00e9 \u00e0 la repr\u00e9sentation de ce dimanche 2 mars 2025 \u00e0 la halle sportive de Mesnil-Saint-P\u00e8re avec la troupe de la MJC Marigny \/ Saint-Flavy. Ils nous ont propos\u00e9 une repr\u00e9sentation de la com\u00e9die \u00ab D\u00e9p\u00eache-toi bibiche, on va rater l\u2019avion \u00bb de J\u00e9r\u00f4me Dubois. Bref r\u00e9sum\u00e9 de la [&hellip;]","og_url":"https:\/\/amis-parc-foret-orient.fr\/index.php\/2025\/01\/01\/apres-midi-theatrale-mjc-marigny\/","og_site_name":"Les Amis du Parc de la For\u00eat d&#039;Orient","article_publisher":"https:\/\/www.facebook.com\/Amis.du.Parc\/","article_published_time":"2025-01-01T01:03:00+00:00","article_modified_time":"2025-08-26T15:00:48+00:00","og_image":[{"width":566,"height":800,"url":"https:\/\/amis-parc-foret-orient.fr\/wp-content\/uploads\/2024\/04\/affiche-Gpe-theatral-MJC-Marigny-St-Flavy-compressee-et-redimensionnee.jpg","type":"image\/jpeg"}],"author":"Katell","twitter_card":"summary_large_image","twitter_misc":{"\u00c9crit par":"Katell","Dur\u00e9e de lecture estim\u00e9e":"1 minute"},"schema":{"@context":"https:\/\/schema.org","@graph":[{"@type":"Article","@id":"https:\/\/amis-parc-foret-orient.fr\/index.php\/2025\/01\/01\/apres-midi-theatrale-mjc-marigny\/#article","isPartOf":{"@id":"https:\/\/amis-parc-foret-orient.fr\/index.php\/2025\/01\/01\/apres-midi-theatrale-mjc-marigny\/"},"author":{"name":"Katell","@id":"https:\/\/amis-parc-foret-orient.fr\/#\/schema\/person\/8961238e6b786153d305b90e6d96037f"},"headline":"Apr\u00e8s-midi th\u00e9\u00e2tral avec la MJC Marigny \/ Saint-Flavy &#8211; dimanche 2 mars 2025","datePublished":"2025-01-01T01:03:00+00:00","dateModified":"2025-08-26T15:00:48+00:00","mainEntityOfPage":{"@id":"https:\/\/amis-parc-foret-orient.fr\/index.php\/2025\/01\/01\/apres-midi-theatrale-mjc-marigny\/"},"wordCount":167,"publisher":{"@id":"https:\/\/amis-parc-foret-orient.fr\/#organization"},"image":{"@id":"https:\/\/amis-parc-foret-orient.fr\/index.php\/2025\/01\/01\/apres-midi-theatrale-mjc-marigny\/#primaryimage"},"thumbnailUrl":"https:\/\/amis-parc-foret-orient.fr\/wp-content\/uploads\/2024\/04\/affiche-Gpe-theatral-MJC-Marigny-St-Flavy-compressee-et-redimensionnee.jpg","keywords":["th\u00e9\u00e2tre"],"articleSection":["1er trimestre 2025","Animations","Animations pass\u00e9es","Mars","Sorties culturelles"],"inLanguage":"fr-FR"},{"@type":"WebPage","@id":"https:\/\/amis-parc-foret-orient.fr\/index.php\/2025\/01\/01\/apres-midi-theatrale-mjc-marigny\/","url":"https:\/\/amis-parc-foret-orient.fr\/index.php\/2025\/01\/01\/apres-midi-theatrale-mjc-marigny\/","name":"Apr\u00e8s-midi th\u00e9\u00e2tral avec la MJC Marigny \/ Saint-Flavy - dimanche 2 mars 2025 - Les Amis du Parc de la For\u00eat d&#039;Orient","isPartOf":{"@id":"https:\/\/amis-parc-foret-orient.fr\/#website"},"primaryImageOfPage":{"@id":"https:\/\/amis-parc-foret-orient.fr\/index.php\/2025\/01\/01\/apres-midi-theatrale-mjc-marigny\/#primaryimage"},"image":{"@id":"https:\/\/amis-parc-foret-orient.fr\/index.php\/2025\/01\/01\/apres-midi-theatrale-mjc-marigny\/#primaryimage"},"thumbnailUrl":"https:\/\/amis-parc-foret-orient.fr\/wp-content\/uploads\/2024\/04\/affiche-Gpe-theatral-MJC-Marigny-St-Flavy-compressee-et-redimensionnee.jpg","datePublished":"2025-01-01T01:03:00+00:00","dateModified":"2025-08-26T15:00:48+00:00","breadcrumb":{"@id":"https:\/\/amis-parc-foret-orient.fr\/index.php\/2025\/01\/01\/apres-midi-theatrale-mjc-marigny\/#breadcrumb"},"inLanguage":"fr-FR","potentialAction":[{"@type":"ReadAction","target":["https:\/\/amis-parc-foret-orient.fr\/index.php\/2025\/01\/01\/apres-midi-theatrale-mjc-marigny\/"]}]},{"@type":"ImageObject","inLanguage":"fr-FR","@id":"https:\/\/amis-parc-foret-orient.fr\/index.php\/2025\/01\/01\/apres-midi-theatrale-mjc-marigny\/#primaryimage","url":"https:\/\/amis-parc-foret-orient.fr\/wp-content\/uploads\/2024\/04\/affiche-Gpe-theatral-MJC-Marigny-St-Flavy-compressee-et-redimensionnee.jpg","contentUrl":"https:\/\/amis-parc-foret-orient.fr\/wp-content\/uploads\/2024\/04\/affiche-Gpe-theatral-MJC-Marigny-St-Flavy-compressee-et-redimensionnee.jpg","width":566,"height":800},{"@type":"BreadcrumbList","@id":"https:\/\/amis-parc-foret-orient.fr\/index.php\/2025\/01\/01\/apres-midi-theatrale-mjc-marigny\/#breadcrumb","itemListElement":[{"@type":"ListItem","position":1,"name":"Home","item":"https:\/\/amis-parc-foret-orient.fr\/"},{"@type":"ListItem","position":2,"name":"Apr\u00e8s-midi th\u00e9\u00e2tral avec la MJC Marigny \/ Saint-Flavy &#8211; dimanche 2 mars 2025"}]},{"@type":"WebSite","@id":"https:\/\/amis-parc-foret-orient.fr\/#website","url":"https:\/\/amis-parc-foret-orient.fr\/","name":"Les Amis du Parc de la For\u00eat d'Orient","description":"","publisher":{"@id":"https:\/\/amis-parc-foret-orient.fr\/#organization"},"potentialAction":[{"@type":"SearchAction","target":{"@type":"EntryPoint","urlTemplate":"https:\/\/amis-parc-foret-orient.fr\/?s={search_term_string}"},"query-input":{"@type":"PropertyValueSpecification","valueRequired":true,"valueName":"search_term_string"}}],"inLanguage":"fr-FR"},{"@type":"Organization","@id":"https:\/\/amis-parc-foret-orient.fr\/#organization","name":"Les Amis du Parc de la For\u00eat d'Orient","url":"https:\/\/amis-parc-foret-orient.fr\/","logo":{"@type":"ImageObject","inLanguage":"fr-FR","@id":"https:\/\/amis-parc-foret-orient.fr\/#\/schema\/logo\/image\/","url":"https:\/\/amis-parc-foret-orient.fr\/wp-content\/uploads\/2025\/08\/cropped-logo_amis_parc_2025_150-1-1.png","contentUrl":"https:\/\/amis-parc-foret-orient.fr\/wp-content\/uploads\/2025\/08\/cropped-logo_amis_parc_2025_150-1-1.png","width":400,"height":175,"caption":"Les Amis du Parc de la For\u00eat d'Orient"},"image":{"@id":"https:\/\/amis-parc-foret-orient.fr\/#\/schema\/logo\/image\/"},"sameAs":["https:\/\/www.facebook.com\/Amis.du.Parc\/"]},{"@type":"Person","@id":"https:\/\/amis-parc-foret-orient.fr\/#\/schema\/person\/8961238e6b786153d305b90e6d96037f","name":"Katell","image":{"@type":"ImageObject","inLanguage":"fr-FR","@id":"https:\/\/secure.gravatar.com\/avatar\/e3d85f2f6ff53b0fa29c4f19018fd7eacf2d993b69093d04ab556e1a47b4910e?s=96&d=monsterid&r=g","url":"https:\/\/secure.gravatar.com\/avatar\/e3d85f2f6ff53b0fa29c4f19018fd7eacf2d993b69093d04ab556e1a47b4910e?s=96&d=monsterid&r=g","contentUrl":"https:\/\/secure.gravatar.com\/avatar\/e3d85f2f6ff53b0fa29c4f19018fd7eacf2d993b69093d04ab556e1a47b4910e?s=96&d=monsterid&r=g","caption":"Katell"},"url":"https:\/\/amis-parc-foret-orient.fr\/index.php\/author\/ladpsn4-2-2-2-2-2-2-2-2-2-2\/"}]}},"blog_post_layout_featured_media_urls":{"thumbnail":["https:\/\/amis-parc-foret-orient.fr\/wp-content\/uploads\/2024\/04\/affiche-Gpe-theatral-MJC-Marigny-St-Flavy-compressee-et-redimensionnee-150x150.jpg",150,150,true],"full":["https:\/\/amis-parc-foret-orient.fr\/wp-content\/uploads\/2024\/04\/affiche-Gpe-theatral-MJC-Marigny-St-Flavy-compressee-et-redimensionnee.jpg",566,800,false]},"categories_names":{"257":{"name":"1er trimestre 2025","link":"https:\/\/amis-parc-foret-orient.fr\/index.php\/category\/animations\/archives\/1er-trimestre-2025\/"},"21":{"name":"Animations","link":"https:\/\/amis-parc-foret-orient.fr\/index.php\/category\/animations\/"},"252":{"name":"Animations pass\u00e9es","link":"https:\/\/amis-parc-foret-orient.fr\/index.php\/category\/animations\/animations-passees\/"},"24":{"name":"Mars","link":"https:\/\/amis-parc-foret-orient.fr\/index.php\/category\/mars\/"},"37":{"name":"Sorties culturelles","link":"https:\/\/amis-parc-foret-orient.fr\/index.php\/category\/sorties-culturelles\/"}},"tags_names":{"20":{"name":"th\u00e9\u00e2tre","link":"https:\/\/amis-parc-foret-orient.fr\/index.php\/tag\/theatre\/"}},"comments_number":"0","wpmagazine_modules_lite_featured_media_urls":{"thumbnail":["https:\/\/amis-parc-foret-orient.fr\/wp-content\/uploads\/2024\/04\/affiche-Gpe-theatral-MJC-Marigny-St-Flavy-compressee-et-redimensionnee-150x150.jpg",150,150,true],"cvmm-medium":["https:\/\/amis-parc-foret-orient.fr\/wp-content\/uploads\/2024\/04\/affiche-Gpe-theatral-MJC-Marigny-St-Flavy-compressee-et-redimensionnee.jpg",212,300,false],"cvmm-medium-plus":["https:\/\/amis-parc-foret-orient.fr\/wp-content\/uploads\/2024\/04\/affiche-Gpe-theatral-MJC-Marigny-St-Flavy-compressee-et-redimensionnee.jpg",146,207,false],"cvmm-portrait":["https:\/\/amis-parc-foret-orient.fr\/wp-content\/uploads\/2024\/04\/affiche-Gpe-theatral-MJC-Marigny-St-Flavy-compressee-et-redimensionnee.jpg",400,565,false],"cvmm-medium-square":["https:\/\/amis-parc-foret-orient.fr\/wp-content\/uploads\/2024\/04\/affiche-Gpe-theatral-MJC-Marigny-St-Flavy-compressee-et-redimensionnee.jpg",425,600,false],"cvmm-large":["https:\/\/amis-parc-foret-orient.fr\/wp-content\/uploads\/2024\/04\/affiche-Gpe-theatral-MJC-Marigny-St-Flavy-compressee-et-redimensionnee.jpg",566,800,false],"cvmm-small":["https:\/\/amis-parc-foret-orient.fr\/wp-content\/uploads\/2024\/04\/affiche-Gpe-theatral-MJC-Marigny-St-Flavy-compressee-et-redimensionnee.jpg",67,95,false],"full":["https:\/\/amis-parc-foret-orient.fr\/wp-content\/uploads\/2024\/04\/affiche-Gpe-theatral-MJC-Marigny-St-Flavy-compressee-et-redimensionnee.jpg",566,800,false]},"_links":{"self":[{"href":"https:\/\/amis-parc-foret-orient.fr\/index.php\/wp-json\/wp\/v2\/posts\/331","targetHints":{"allow":["GET"]}}],"collection":[{"href":"https:\/\/amis-parc-foret-orient.fr\/index.php\/wp-json\/wp\/v2\/posts"}],"about":[{"href":"https:\/\/amis-parc-foret-orient.fr\/index.php\/wp-json\/wp\/v2\/types\/post"}],"author":[{"embeddable":true,"href":"https:\/\/amis-parc-foret-orient.fr\/index.php\/wp-json\/wp\/v2\/users\/1"}],"replies":[{"embeddable":true,"href":"https:\/\/amis-parc-foret-orient.fr\/index.php\/wp-json\/wp\/v2\/comments?post=331"}],"version-history":[{"count":0,"href":"https:\/\/amis-parc-foret-orient.fr\/index.php\/wp-json\/wp\/v2\/posts\/331\/revisions"}],"wp:featuredmedia":[{"embeddable":true,"href":"https:\/\/amis-parc-foret-orient.fr\/index.php\/wp-json\/wp\/v2\/media\/4667"}],"wp:attachment":[{"href":"https:\/\/amis-parc-foret-orient.fr\/index.php\/wp-json\/wp\/v2\/media?parent=331"}],"wp:term":[{"taxonomy":"category","embeddable":true,"href":"https:\/\/amis-parc-foret-orient.fr\/index.php\/wp-json\/wp\/v2\/categories?post=331"},{"taxonomy":"post_tag","embeddable":true,"href":"https:\/\/amis-parc-foret-orient.fr\/index.php\/wp-json\/wp\/v2\/tags?post=331"}],"curies":[{"name":"wp","href":"https:\/\/api.w.org\/{rel}","templated":true}]}}