{"id":1905,"date":"2025-01-01T04:26:00","date_gmt":"2025-01-01T03:26:00","guid":{"rendered":"http:\/\/amis-parc-foret-orient.fr\/?p=1905"},"modified":"2025-08-26T16:29:58","modified_gmt":"2025-08-26T15:29:58","slug":"balade-guidee-bar-sur-aube","status":"publish","type":"post","link":"https:\/\/amis-parc-foret-orient.fr\/index.php\/2025\/01\/01\/balade-guidee-bar-sur-aube\/","title":{"rendered":"Balade guid\u00e9e \u00ab\u00a0D\u00e9couverte de Bar-sur-Aube et de Saint Maclou\u00a0\u00bb- samedi 26 avril 2025"},"content":{"rendered":"<p>Ces ont 35 personnes qui ont particip\u00e9 \u00e0 la balade guid\u00e9e dans Bar-sur-Aube ce samedi 26 avril avec Jean-Claude Czmara. Balade au cours de laquelle ils ont \u00e9galement pu d\u00e9couvrir l&rsquo;\u00e9glise Saint Maclou qui b\u00e9n\u00e9ficie d&rsquo;un vaste programme de restauration initi\u00e9 en 2017.<\/p>\n","protected":false},"excerpt":{"rendered":"<p>Ces ont 35 personnes qui ont particip\u00e9 \u00e0 la balade guid\u00e9e dans Bar-sur-Aube ce samedi 26 avril avec Jean-Claude Czmara. Balade au cours de laquelle ils ont \u00e9galement pu d\u00e9couvrir l&rsquo;\u00e9glise Saint Maclou qui b\u00e9n\u00e9ficie d&rsquo;un vaste programme de restauration initi\u00e9 en 2017.<\/p>\n","protected":false},"author":11,"featured_media":0,"comment_status":"open","ping_status":"open","sticky":false,"template":"","format":"standard","meta":{"footnotes":"","_wp_rev_ctl_limit":""},"categories":[258,21,252,25,37],"tags":[],"class_list":["post-1905","post","type-post","status-publish","format-standard","hentry","category-2eme-trimestre-2025","category-animations","category-animations-passees","category-avril","category-sorties-culturelles"],"yoast_head":"<!-- This site is optimized with the Yoast SEO plugin v27.5 - https:\/\/yoast.com\/product\/yoast-seo-wordpress\/ -->\n<title>Balade guid\u00e9e &quot;D\u00e9couverte de Bar-sur-Aube et de Saint Maclou&quot;- samedi 26 avril 2025 - Les Amis du Parc de la For\u00eat d&#039;Orient<\/title>\n<meta name=\"robots\" content=\"index, follow, max-snippet:-1, max-image-preview:large, max-video-preview:-1\" \/>\n<link rel=\"canonical\" href=\"https:\/\/amis-parc-foret-orient.fr\/index.php\/2025\/01\/01\/balade-guidee-bar-sur-aube\/\" \/>\n<meta property=\"og:locale\" content=\"fr_FR\" \/>\n<meta property=\"og:type\" content=\"article\" \/>\n<meta property=\"og:title\" content=\"Balade guid\u00e9e &quot;D\u00e9couverte de Bar-sur-Aube et de Saint Maclou&quot;- samedi 26 avril 2025 - Les Amis du Parc de la For\u00eat d&#039;Orient\" \/>\n<meta property=\"og:description\" content=\"Ces ont 35 personnes qui ont particip\u00e9 \u00e0 la balade guid\u00e9e dans Bar-sur-Aube ce samedi 26 avril avec Jean-Claude Czmara. Balade au cours de laquelle ils ont \u00e9galement pu d\u00e9couvrir l&rsquo;\u00e9glise Saint Maclou qui b\u00e9n\u00e9ficie d&rsquo;un vaste programme de restauration initi\u00e9 en 2017.\" \/>\n<meta property=\"og:url\" content=\"https:\/\/amis-parc-foret-orient.fr\/index.php\/2025\/01\/01\/balade-guidee-bar-sur-aube\/\" \/>\n<meta property=\"og:site_name\" content=\"Les Amis du Parc de la For\u00eat d&#039;Orient\" \/>\n<meta property=\"article:publisher\" content=\"https:\/\/www.facebook.com\/Amis.du.Parc\/\" \/>\n<meta property=\"article:published_time\" content=\"2025-01-01T03:26:00+00:00\" \/>\n<meta property=\"article:modified_time\" content=\"2025-08-26T15:29:58+00:00\" \/>\n<meta name=\"author\" content=\"marie-france Barret\" \/>\n<meta name=\"twitter:card\" content=\"summary_large_image\" \/>\n<meta name=\"twitter:label1\" content=\"\u00c9crit par\" \/>\n\t<meta name=\"twitter:data1\" content=\"marie-france Barret\" \/>\n\t<meta name=\"twitter:label2\" content=\"Dur\u00e9e de lecture estim\u00e9e\" \/>\n\t<meta name=\"twitter:data2\" content=\"1 minute\" \/>\n<script type=\"application\/ld+json\" class=\"yoast-schema-graph\">{\"@context\":\"https:\\\/\\\/schema.org\",\"@graph\":[{\"@type\":\"Article\",\"@id\":\"https:\\\/\\\/amis-parc-foret-orient.fr\\\/index.php\\\/2025\\\/01\\\/01\\\/balade-guidee-bar-sur-aube\\\/#article\",\"isPartOf\":{\"@id\":\"https:\\\/\\\/amis-parc-foret-orient.fr\\\/index.php\\\/2025\\\/01\\\/01\\\/balade-guidee-bar-sur-aube\\\/\"},\"author\":{\"name\":\"marie-france Barret\",\"@id\":\"https:\\\/\\\/amis-parc-foret-orient.fr\\\/#\\\/schema\\\/person\\\/254792e4f20673cd963bdd14b8a06e09\"},\"headline\":\"Balade guid\u00e9e \u00ab\u00a0D\u00e9couverte de Bar-sur-Aube et de Saint Maclou\u00a0\u00bb- samedi 26 avril 2025\",\"datePublished\":\"2025-01-01T03:26:00+00:00\",\"dateModified\":\"2025-08-26T15:29:58+00:00\",\"mainEntityOfPage\":{\"@id\":\"https:\\\/\\\/amis-parc-foret-orient.fr\\\/index.php\\\/2025\\\/01\\\/01\\\/balade-guidee-bar-sur-aube\\\/\"},\"wordCount\":59,\"commentCount\":0,\"publisher\":{\"@id\":\"https:\\\/\\\/amis-parc-foret-orient.fr\\\/#organization\"},\"articleSection\":[\"2\u00e8me trimestre 2025\",\"Animations\",\"Animations pass\u00e9es\",\"Avril\",\"Sorties culturelles\"],\"inLanguage\":\"fr-FR\",\"potentialAction\":[{\"@type\":\"CommentAction\",\"name\":\"Comment\",\"target\":[\"https:\\\/\\\/amis-parc-foret-orient.fr\\\/index.php\\\/2025\\\/01\\\/01\\\/balade-guidee-bar-sur-aube\\\/#respond\"]}]},{\"@type\":\"WebPage\",\"@id\":\"https:\\\/\\\/amis-parc-foret-orient.fr\\\/index.php\\\/2025\\\/01\\\/01\\\/balade-guidee-bar-sur-aube\\\/\",\"url\":\"https:\\\/\\\/amis-parc-foret-orient.fr\\\/index.php\\\/2025\\\/01\\\/01\\\/balade-guidee-bar-sur-aube\\\/\",\"name\":\"Balade guid\u00e9e \\\"D\u00e9couverte de Bar-sur-Aube et de Saint Maclou\\\"- samedi 26 avril 2025 - Les Amis du Parc de la For\u00eat d&#039;Orient\",\"isPartOf\":{\"@id\":\"https:\\\/\\\/amis-parc-foret-orient.fr\\\/#website\"},\"datePublished\":\"2025-01-01T03:26:00+00:00\",\"dateModified\":\"2025-08-26T15:29:58+00:00\",\"breadcrumb\":{\"@id\":\"https:\\\/\\\/amis-parc-foret-orient.fr\\\/index.php\\\/2025\\\/01\\\/01\\\/balade-guidee-bar-sur-aube\\\/#breadcrumb\"},\"inLanguage\":\"fr-FR\",\"potentialAction\":[{\"@type\":\"ReadAction\",\"target\":[\"https:\\\/\\\/amis-parc-foret-orient.fr\\\/index.php\\\/2025\\\/01\\\/01\\\/balade-guidee-bar-sur-aube\\\/\"]}]},{\"@type\":\"BreadcrumbList\",\"@id\":\"https:\\\/\\\/amis-parc-foret-orient.fr\\\/index.php\\\/2025\\\/01\\\/01\\\/balade-guidee-bar-sur-aube\\\/#breadcrumb\",\"itemListElement\":[{\"@type\":\"ListItem\",\"position\":1,\"name\":\"Home\",\"item\":\"https:\\\/\\\/amis-parc-foret-orient.fr\\\/\"},{\"@type\":\"ListItem\",\"position\":2,\"name\":\"Balade guid\u00e9e \u00ab\u00a0D\u00e9couverte de Bar-sur-Aube et de Saint Maclou\u00a0\u00bb- samedi 26 avril 2025\"}]},{\"@type\":\"WebSite\",\"@id\":\"https:\\\/\\\/amis-parc-foret-orient.fr\\\/#website\",\"url\":\"https:\\\/\\\/amis-parc-foret-orient.fr\\\/\",\"name\":\"Les Amis du Parc de la For\u00eat d'Orient\",\"description\":\"\",\"publisher\":{\"@id\":\"https:\\\/\\\/amis-parc-foret-orient.fr\\\/#organization\"},\"potentialAction\":[{\"@type\":\"SearchAction\",\"target\":{\"@type\":\"EntryPoint\",\"urlTemplate\":\"https:\\\/\\\/amis-parc-foret-orient.fr\\\/?s={search_term_string}\"},\"query-input\":{\"@type\":\"PropertyValueSpecification\",\"valueRequired\":true,\"valueName\":\"search_term_string\"}}],\"inLanguage\":\"fr-FR\"},{\"@type\":\"Organization\",\"@id\":\"https:\\\/\\\/amis-parc-foret-orient.fr\\\/#organization\",\"name\":\"Les Amis du Parc de la For\u00eat d'Orient\",\"url\":\"https:\\\/\\\/amis-parc-foret-orient.fr\\\/\",\"logo\":{\"@type\":\"ImageObject\",\"inLanguage\":\"fr-FR\",\"@id\":\"https:\\\/\\\/amis-parc-foret-orient.fr\\\/#\\\/schema\\\/logo\\\/image\\\/\",\"url\":\"https:\\\/\\\/amis-parc-foret-orient.fr\\\/wp-content\\\/uploads\\\/2025\\\/08\\\/cropped-logo_amis_parc_2025_150-1-1.png\",\"contentUrl\":\"https:\\\/\\\/amis-parc-foret-orient.fr\\\/wp-content\\\/uploads\\\/2025\\\/08\\\/cropped-logo_amis_parc_2025_150-1-1.png\",\"width\":400,\"height\":175,\"caption\":\"Les Amis du Parc de la For\u00eat d'Orient\"},\"image\":{\"@id\":\"https:\\\/\\\/amis-parc-foret-orient.fr\\\/#\\\/schema\\\/logo\\\/image\\\/\"},\"sameAs\":[\"https:\\\/\\\/www.facebook.com\\\/Amis.du.Parc\\\/\"]},{\"@type\":\"Person\",\"@id\":\"https:\\\/\\\/amis-parc-foret-orient.fr\\\/#\\\/schema\\\/person\\\/254792e4f20673cd963bdd14b8a06e09\",\"name\":\"marie-france Barret\",\"image\":{\"@type\":\"ImageObject\",\"inLanguage\":\"fr-FR\",\"@id\":\"https:\\\/\\\/secure.gravatar.com\\\/avatar\\\/0a6ea20dfb258844f4c15349f8f2c79a20c97ad3c9f269fd404a2ed22a5229b8?s=96&d=monsterid&r=g\",\"url\":\"https:\\\/\\\/secure.gravatar.com\\\/avatar\\\/0a6ea20dfb258844f4c15349f8f2c79a20c97ad3c9f269fd404a2ed22a5229b8?s=96&d=monsterid&r=g\",\"contentUrl\":\"https:\\\/\\\/secure.gravatar.com\\\/avatar\\\/0a6ea20dfb258844f4c15349f8f2c79a20c97ad3c9f269fd404a2ed22a5229b8?s=96&d=monsterid&r=g\",\"caption\":\"marie-france Barret\"},\"url\":\"https:\\\/\\\/amis-parc-foret-orient.fr\\\/index.php\\\/author\\\/m-felcn1\\\/\"}]}<\/script>\n<!-- \/ Yoast SEO plugin. -->","yoast_head_json":{"title":"Balade guid\u00e9e \"D\u00e9couverte de Bar-sur-Aube et de Saint Maclou\"- samedi 26 avril 2025 - Les Amis du Parc de la For\u00eat d&#039;Orient","robots":{"index":"index","follow":"follow","max-snippet":"max-snippet:-1","max-image-preview":"max-image-preview:large","max-video-preview":"max-video-preview:-1"},"canonical":"https:\/\/amis-parc-foret-orient.fr\/index.php\/2025\/01\/01\/balade-guidee-bar-sur-aube\/","og_locale":"fr_FR","og_type":"article","og_title":"Balade guid\u00e9e \"D\u00e9couverte de Bar-sur-Aube et de Saint Maclou\"- samedi 26 avril 2025 - Les Amis du Parc de la For\u00eat d&#039;Orient","og_description":"Ces ont 35 personnes qui ont particip\u00e9 \u00e0 la balade guid\u00e9e dans Bar-sur-Aube ce samedi 26 avril avec Jean-Claude Czmara. Balade au cours de laquelle ils ont \u00e9galement pu d\u00e9couvrir l&rsquo;\u00e9glise Saint Maclou qui b\u00e9n\u00e9ficie d&rsquo;un vaste programme de restauration initi\u00e9 en 2017.","og_url":"https:\/\/amis-parc-foret-orient.fr\/index.php\/2025\/01\/01\/balade-guidee-bar-sur-aube\/","og_site_name":"Les Amis du Parc de la For\u00eat d&#039;Orient","article_publisher":"https:\/\/www.facebook.com\/Amis.du.Parc\/","article_published_time":"2025-01-01T03:26:00+00:00","article_modified_time":"2025-08-26T15:29:58+00:00","author":"marie-france Barret","twitter_card":"summary_large_image","twitter_misc":{"\u00c9crit par":"marie-france Barret","Dur\u00e9e de lecture estim\u00e9e":"1 minute"},"schema":{"@context":"https:\/\/schema.org","@graph":[{"@type":"Article","@id":"https:\/\/amis-parc-foret-orient.fr\/index.php\/2025\/01\/01\/balade-guidee-bar-sur-aube\/#article","isPartOf":{"@id":"https:\/\/amis-parc-foret-orient.fr\/index.php\/2025\/01\/01\/balade-guidee-bar-sur-aube\/"},"author":{"name":"marie-france Barret","@id":"https:\/\/amis-parc-foret-orient.fr\/#\/schema\/person\/254792e4f20673cd963bdd14b8a06e09"},"headline":"Balade guid\u00e9e \u00ab\u00a0D\u00e9couverte de Bar-sur-Aube et de Saint Maclou\u00a0\u00bb- samedi 26 avril 2025","datePublished":"2025-01-01T03:26:00+00:00","dateModified":"2025-08-26T15:29:58+00:00","mainEntityOfPage":{"@id":"https:\/\/amis-parc-foret-orient.fr\/index.php\/2025\/01\/01\/balade-guidee-bar-sur-aube\/"},"wordCount":59,"commentCount":0,"publisher":{"@id":"https:\/\/amis-parc-foret-orient.fr\/#organization"},"articleSection":["2\u00e8me trimestre 2025","Animations","Animations pass\u00e9es","Avril","Sorties culturelles"],"inLanguage":"fr-FR","potentialAction":[{"@type":"CommentAction","name":"Comment","target":["https:\/\/amis-parc-foret-orient.fr\/index.php\/2025\/01\/01\/balade-guidee-bar-sur-aube\/#respond"]}]},{"@type":"WebPage","@id":"https:\/\/amis-parc-foret-orient.fr\/index.php\/2025\/01\/01\/balade-guidee-bar-sur-aube\/","url":"https:\/\/amis-parc-foret-orient.fr\/index.php\/2025\/01\/01\/balade-guidee-bar-sur-aube\/","name":"Balade guid\u00e9e \"D\u00e9couverte de Bar-sur-Aube et de Saint Maclou\"- samedi 26 avril 2025 - Les Amis du Parc de la For\u00eat d&#039;Orient","isPartOf":{"@id":"https:\/\/amis-parc-foret-orient.fr\/#website"},"datePublished":"2025-01-01T03:26:00+00:00","dateModified":"2025-08-26T15:29:58+00:00","breadcrumb":{"@id":"https:\/\/amis-parc-foret-orient.fr\/index.php\/2025\/01\/01\/balade-guidee-bar-sur-aube\/#breadcrumb"},"inLanguage":"fr-FR","potentialAction":[{"@type":"ReadAction","target":["https:\/\/amis-parc-foret-orient.fr\/index.php\/2025\/01\/01\/balade-guidee-bar-sur-aube\/"]}]},{"@type":"BreadcrumbList","@id":"https:\/\/amis-parc-foret-orient.fr\/index.php\/2025\/01\/01\/balade-guidee-bar-sur-aube\/#breadcrumb","itemListElement":[{"@type":"ListItem","position":1,"name":"Home","item":"https:\/\/amis-parc-foret-orient.fr\/"},{"@type":"ListItem","position":2,"name":"Balade guid\u00e9e \u00ab\u00a0D\u00e9couverte de Bar-sur-Aube et de Saint Maclou\u00a0\u00bb- samedi 26 avril 2025"}]},{"@type":"WebSite","@id":"https:\/\/amis-parc-foret-orient.fr\/#website","url":"https:\/\/amis-parc-foret-orient.fr\/","name":"Les Amis du Parc de la For\u00eat d'Orient","description":"","publisher":{"@id":"https:\/\/amis-parc-foret-orient.fr\/#organization"},"potentialAction":[{"@type":"SearchAction","target":{"@type":"EntryPoint","urlTemplate":"https:\/\/amis-parc-foret-orient.fr\/?s={search_term_string}"},"query-input":{"@type":"PropertyValueSpecification","valueRequired":true,"valueName":"search_term_string"}}],"inLanguage":"fr-FR"},{"@type":"Organization","@id":"https:\/\/amis-parc-foret-orient.fr\/#organization","name":"Les Amis du Parc de la For\u00eat d'Orient","url":"https:\/\/amis-parc-foret-orient.fr\/","logo":{"@type":"ImageObject","inLanguage":"fr-FR","@id":"https:\/\/amis-parc-foret-orient.fr\/#\/schema\/logo\/image\/","url":"https:\/\/amis-parc-foret-orient.fr\/wp-content\/uploads\/2025\/08\/cropped-logo_amis_parc_2025_150-1-1.png","contentUrl":"https:\/\/amis-parc-foret-orient.fr\/wp-content\/uploads\/2025\/08\/cropped-logo_amis_parc_2025_150-1-1.png","width":400,"height":175,"caption":"Les Amis du Parc de la For\u00eat d'Orient"},"image":{"@id":"https:\/\/amis-parc-foret-orient.fr\/#\/schema\/logo\/image\/"},"sameAs":["https:\/\/www.facebook.com\/Amis.du.Parc\/"]},{"@type":"Person","@id":"https:\/\/amis-parc-foret-orient.fr\/#\/schema\/person\/254792e4f20673cd963bdd14b8a06e09","name":"marie-france Barret","image":{"@type":"ImageObject","inLanguage":"fr-FR","@id":"https:\/\/secure.gravatar.com\/avatar\/0a6ea20dfb258844f4c15349f8f2c79a20c97ad3c9f269fd404a2ed22a5229b8?s=96&d=monsterid&r=g","url":"https:\/\/secure.gravatar.com\/avatar\/0a6ea20dfb258844f4c15349f8f2c79a20c97ad3c9f269fd404a2ed22a5229b8?s=96&d=monsterid&r=g","contentUrl":"https:\/\/secure.gravatar.com\/avatar\/0a6ea20dfb258844f4c15349f8f2c79a20c97ad3c9f269fd404a2ed22a5229b8?s=96&d=monsterid&r=g","caption":"marie-france Barret"},"url":"https:\/\/amis-parc-foret-orient.fr\/index.php\/author\/m-felcn1\/"}]}},"blog_post_layout_featured_media_urls":{"thumbnail":"","full":""},"categories_names":{"258":{"name":"2\u00e8me trimestre 2025","link":"https:\/\/amis-parc-foret-orient.fr\/index.php\/category\/animations\/archives\/2eme-trimestre-2025\/"},"21":{"name":"Animations","link":"https:\/\/amis-parc-foret-orient.fr\/index.php\/category\/animations\/"},"252":{"name":"Animations pass\u00e9es","link":"https:\/\/amis-parc-foret-orient.fr\/index.php\/category\/animations\/animations-passees\/"},"25":{"name":"Avril","link":"https:\/\/amis-parc-foret-orient.fr\/index.php\/category\/avril\/"},"37":{"name":"Sorties culturelles","link":"https:\/\/amis-parc-foret-orient.fr\/index.php\/category\/sorties-culturelles\/"}},"tags_names":[],"comments_number":"0","wpmagazine_modules_lite_featured_media_urls":{"thumbnail":"","cvmm-medium":"","cvmm-medium-plus":"","cvmm-portrait":"","cvmm-medium-square":"","cvmm-large":"","cvmm-small":"","full":""},"_links":{"self":[{"href":"https:\/\/amis-parc-foret-orient.fr\/index.php\/wp-json\/wp\/v2\/posts\/1905","targetHints":{"allow":["GET"]}}],"collection":[{"href":"https:\/\/amis-parc-foret-orient.fr\/index.php\/wp-json\/wp\/v2\/posts"}],"about":[{"href":"https:\/\/amis-parc-foret-orient.fr\/index.php\/wp-json\/wp\/v2\/types\/post"}],"author":[{"embeddable":true,"href":"https:\/\/amis-parc-foret-orient.fr\/index.php\/wp-json\/wp\/v2\/users\/11"}],"replies":[{"embeddable":true,"href":"https:\/\/amis-parc-foret-orient.fr\/index.php\/wp-json\/wp\/v2\/comments?post=1905"}],"version-history":[{"count":0,"href":"https:\/\/amis-parc-foret-orient.fr\/index.php\/wp-json\/wp\/v2\/posts\/1905\/revisions"}],"wp:attachment":[{"href":"https:\/\/amis-parc-foret-orient.fr\/index.php\/wp-json\/wp\/v2\/media?parent=1905"}],"wp:term":[{"taxonomy":"category","embeddable":true,"href":"https:\/\/amis-parc-foret-orient.fr\/index.php\/wp-json\/wp\/v2\/categories?post=1905"},{"taxonomy":"post_tag","embeddable":true,"href":"https:\/\/amis-parc-foret-orient.fr\/index.php\/wp-json\/wp\/v2\/tags?post=1905"}],"curies":[{"name":"wp","href":"https:\/\/api.w.org\/{rel}","templated":true}]}}