{"id":1868,"date":"2025-01-01T04:19:00","date_gmt":"2025-01-01T03:19:00","guid":{"rendered":"http:\/\/amis-parc-foret-orient.fr\/?p=1868"},"modified":"2025-08-26T16:47:48","modified_gmt":"2025-08-26T15:47:48","slug":"sortie-nature-plantes","status":"publish","type":"post","link":"https:\/\/amis-parc-foret-orient.fr\/index.php\/2025\/01\/01\/sortie-nature-plantes\/","title":{"rendered":"Sortie nature \u00ab\u00a0Balade autour des plantes sauvages comestibles et m\u00e9dicinales\u00a0\u00bb le samedi 19 avril 2025"},"content":{"rendered":"\n<p>Ce sont 25 personnes qui ont particip\u00e9 \u00e0 la sortie nature propos\u00e9e le 19 avril 2025. <\/p>\n\n\n\n<!--more-->\n\n\n\n<p>Nous avons retrouv\u00e9 Julie Picard avec sa micro-entreprise F\u00e9es des Bois pour une pour une balade guid\u00e9e autour des plantes comestibles et m\u00e9dicinales (comment reconna\u00eetre ces plantes, quelles sont leurs propri\u00e9t\u00e9s, comment les utiliser pour se soigner et\/ou en cuisine) \u00e0 Charmont-sous-Barbuise. <\/p>\n\n\n\n<p><\/p>\n","protected":false},"excerpt":{"rendered":"<p>Ce sont 25 personnes qui ont particip\u00e9 \u00e0 la sortie nature propos\u00e9e le 19 avril 2025.<\/p>\n","protected":false},"author":1,"featured_media":4710,"comment_status":"open","ping_status":"open","sticky":false,"template":"","format":"standard","meta":{"footnotes":"","_wp_rev_ctl_limit":""},"categories":[258,21,252,25,36],"tags":[],"class_list":["post-1868","post","type-post","status-publish","format-standard","has-post-thumbnail","hentry","category-2eme-trimestre-2025","category-animations","category-animations-passees","category-avril","category-sorties-natures"],"yoast_head":"<!-- This site is optimized with the Yoast SEO plugin v27.5 - https:\/\/yoast.com\/product\/yoast-seo-wordpress\/ -->\n<title>Sortie nature &quot;Balade autour des plantes sauvages comestibles et m\u00e9dicinales&quot; le samedi 19 avril 2025 - Les Amis du Parc de la For\u00eat d&#039;Orient<\/title>\n<meta name=\"robots\" content=\"index, follow, max-snippet:-1, max-image-preview:large, max-video-preview:-1\" \/>\n<link rel=\"canonical\" href=\"https:\/\/amis-parc-foret-orient.fr\/index.php\/2025\/01\/01\/sortie-nature-plantes\/\" \/>\n<meta property=\"og:locale\" content=\"fr_FR\" \/>\n<meta property=\"og:type\" content=\"article\" \/>\n<meta property=\"og:title\" content=\"Sortie nature &quot;Balade autour des plantes sauvages comestibles et m\u00e9dicinales&quot; le samedi 19 avril 2025 - Les Amis du Parc de la For\u00eat d&#039;Orient\" \/>\n<meta property=\"og:description\" content=\"Ce sont 25 personnes qui ont particip\u00e9 \u00e0 la sortie nature propos\u00e9e le 19 avril 2025.\" \/>\n<meta property=\"og:url\" content=\"https:\/\/amis-parc-foret-orient.fr\/index.php\/2025\/01\/01\/sortie-nature-plantes\/\" \/>\n<meta property=\"og:site_name\" content=\"Les Amis du Parc de la For\u00eat d&#039;Orient\" \/>\n<meta property=\"article:publisher\" content=\"https:\/\/www.facebook.com\/Amis.du.Parc\/\" \/>\n<meta property=\"article:published_time\" content=\"2025-01-01T03:19:00+00:00\" \/>\n<meta property=\"article:modified_time\" content=\"2025-08-26T15:47:48+00:00\" \/>\n<meta property=\"og:image\" content=\"https:\/\/amis-parc-foret-orient.fr\/wp-content\/uploads\/2024\/03\/20241125_131847.jpg\" \/>\n\t<meta property=\"og:image:width\" content=\"1000\" \/>\n\t<meta property=\"og:image:height\" content=\"1320\" \/>\n\t<meta property=\"og:image:type\" content=\"image\/jpeg\" \/>\n<meta name=\"author\" content=\"Katell\" \/>\n<meta name=\"twitter:card\" content=\"summary_large_image\" \/>\n<meta name=\"twitter:label1\" content=\"\u00c9crit par\" \/>\n\t<meta name=\"twitter:data1\" content=\"Katell\" \/>\n\t<meta name=\"twitter:label2\" content=\"Dur\u00e9e de lecture estim\u00e9e\" \/>\n\t<meta name=\"twitter:data2\" content=\"1 minute\" \/>\n<script type=\"application\/ld+json\" class=\"yoast-schema-graph\">{\"@context\":\"https:\\\/\\\/schema.org\",\"@graph\":[{\"@type\":\"Article\",\"@id\":\"https:\\\/\\\/amis-parc-foret-orient.fr\\\/index.php\\\/2025\\\/01\\\/01\\\/sortie-nature-plantes\\\/#article\",\"isPartOf\":{\"@id\":\"https:\\\/\\\/amis-parc-foret-orient.fr\\\/index.php\\\/2025\\\/01\\\/01\\\/sortie-nature-plantes\\\/\"},\"author\":{\"name\":\"Katell\",\"@id\":\"https:\\\/\\\/amis-parc-foret-orient.fr\\\/#\\\/schema\\\/person\\\/8961238e6b786153d305b90e6d96037f\"},\"headline\":\"Sortie nature \u00ab\u00a0Balade autour des plantes sauvages comestibles et m\u00e9dicinales\u00a0\u00bb le samedi 19 avril 2025\",\"datePublished\":\"2025-01-01T03:19:00+00:00\",\"dateModified\":\"2025-08-26T15:47:48+00:00\",\"mainEntityOfPage\":{\"@id\":\"https:\\\/\\\/amis-parc-foret-orient.fr\\\/index.php\\\/2025\\\/01\\\/01\\\/sortie-nature-plantes\\\/\"},\"wordCount\":75,\"commentCount\":0,\"publisher\":{\"@id\":\"https:\\\/\\\/amis-parc-foret-orient.fr\\\/#organization\"},\"image\":{\"@id\":\"https:\\\/\\\/amis-parc-foret-orient.fr\\\/index.php\\\/2025\\\/01\\\/01\\\/sortie-nature-plantes\\\/#primaryimage\"},\"thumbnailUrl\":\"https:\\\/\\\/amis-parc-foret-orient.fr\\\/wp-content\\\/uploads\\\/2024\\\/03\\\/20241125_131847.jpg\",\"articleSection\":[\"2\u00e8me trimestre 2025\",\"Animations\",\"Animations pass\u00e9es\",\"Avril\",\"Sorties natures\"],\"inLanguage\":\"fr-FR\",\"potentialAction\":[{\"@type\":\"CommentAction\",\"name\":\"Comment\",\"target\":[\"https:\\\/\\\/amis-parc-foret-orient.fr\\\/index.php\\\/2025\\\/01\\\/01\\\/sortie-nature-plantes\\\/#respond\"]}]},{\"@type\":\"WebPage\",\"@id\":\"https:\\\/\\\/amis-parc-foret-orient.fr\\\/index.php\\\/2025\\\/01\\\/01\\\/sortie-nature-plantes\\\/\",\"url\":\"https:\\\/\\\/amis-parc-foret-orient.fr\\\/index.php\\\/2025\\\/01\\\/01\\\/sortie-nature-plantes\\\/\",\"name\":\"Sortie nature \\\"Balade autour des plantes sauvages comestibles et m\u00e9dicinales\\\" le samedi 19 avril 2025 - Les Amis du Parc de la For\u00eat d&#039;Orient\",\"isPartOf\":{\"@id\":\"https:\\\/\\\/amis-parc-foret-orient.fr\\\/#website\"},\"primaryImageOfPage\":{\"@id\":\"https:\\\/\\\/amis-parc-foret-orient.fr\\\/index.php\\\/2025\\\/01\\\/01\\\/sortie-nature-plantes\\\/#primaryimage\"},\"image\":{\"@id\":\"https:\\\/\\\/amis-parc-foret-orient.fr\\\/index.php\\\/2025\\\/01\\\/01\\\/sortie-nature-plantes\\\/#primaryimage\"},\"thumbnailUrl\":\"https:\\\/\\\/amis-parc-foret-orient.fr\\\/wp-content\\\/uploads\\\/2024\\\/03\\\/20241125_131847.jpg\",\"datePublished\":\"2025-01-01T03:19:00+00:00\",\"dateModified\":\"2025-08-26T15:47:48+00:00\",\"breadcrumb\":{\"@id\":\"https:\\\/\\\/amis-parc-foret-orient.fr\\\/index.php\\\/2025\\\/01\\\/01\\\/sortie-nature-plantes\\\/#breadcrumb\"},\"inLanguage\":\"fr-FR\",\"potentialAction\":[{\"@type\":\"ReadAction\",\"target\":[\"https:\\\/\\\/amis-parc-foret-orient.fr\\\/index.php\\\/2025\\\/01\\\/01\\\/sortie-nature-plantes\\\/\"]}]},{\"@type\":\"ImageObject\",\"inLanguage\":\"fr-FR\",\"@id\":\"https:\\\/\\\/amis-parc-foret-orient.fr\\\/index.php\\\/2025\\\/01\\\/01\\\/sortie-nature-plantes\\\/#primaryimage\",\"url\":\"https:\\\/\\\/amis-parc-foret-orient.fr\\\/wp-content\\\/uploads\\\/2024\\\/03\\\/20241125_131847.jpg\",\"contentUrl\":\"https:\\\/\\\/amis-parc-foret-orient.fr\\\/wp-content\\\/uploads\\\/2024\\\/03\\\/20241125_131847.jpg\",\"width\":1000,\"height\":1320},{\"@type\":\"BreadcrumbList\",\"@id\":\"https:\\\/\\\/amis-parc-foret-orient.fr\\\/index.php\\\/2025\\\/01\\\/01\\\/sortie-nature-plantes\\\/#breadcrumb\",\"itemListElement\":[{\"@type\":\"ListItem\",\"position\":1,\"name\":\"Home\",\"item\":\"https:\\\/\\\/amis-parc-foret-orient.fr\\\/\"},{\"@type\":\"ListItem\",\"position\":2,\"name\":\"Sortie nature \u00ab\u00a0Balade autour des plantes sauvages comestibles et m\u00e9dicinales\u00a0\u00bb le samedi 19 avril 2025\"}]},{\"@type\":\"WebSite\",\"@id\":\"https:\\\/\\\/amis-parc-foret-orient.fr\\\/#website\",\"url\":\"https:\\\/\\\/amis-parc-foret-orient.fr\\\/\",\"name\":\"Les Amis du Parc de la For\u00eat d'Orient\",\"description\":\"\",\"publisher\":{\"@id\":\"https:\\\/\\\/amis-parc-foret-orient.fr\\\/#organization\"},\"potentialAction\":[{\"@type\":\"SearchAction\",\"target\":{\"@type\":\"EntryPoint\",\"urlTemplate\":\"https:\\\/\\\/amis-parc-foret-orient.fr\\\/?s={search_term_string}\"},\"query-input\":{\"@type\":\"PropertyValueSpecification\",\"valueRequired\":true,\"valueName\":\"search_term_string\"}}],\"inLanguage\":\"fr-FR\"},{\"@type\":\"Organization\",\"@id\":\"https:\\\/\\\/amis-parc-foret-orient.fr\\\/#organization\",\"name\":\"Les Amis du Parc de la For\u00eat d'Orient\",\"url\":\"https:\\\/\\\/amis-parc-foret-orient.fr\\\/\",\"logo\":{\"@type\":\"ImageObject\",\"inLanguage\":\"fr-FR\",\"@id\":\"https:\\\/\\\/amis-parc-foret-orient.fr\\\/#\\\/schema\\\/logo\\\/image\\\/\",\"url\":\"https:\\\/\\\/amis-parc-foret-orient.fr\\\/wp-content\\\/uploads\\\/2025\\\/08\\\/cropped-logo_amis_parc_2025_150-1-1.png\",\"contentUrl\":\"https:\\\/\\\/amis-parc-foret-orient.fr\\\/wp-content\\\/uploads\\\/2025\\\/08\\\/cropped-logo_amis_parc_2025_150-1-1.png\",\"width\":400,\"height\":175,\"caption\":\"Les Amis du Parc de la For\u00eat d'Orient\"},\"image\":{\"@id\":\"https:\\\/\\\/amis-parc-foret-orient.fr\\\/#\\\/schema\\\/logo\\\/image\\\/\"},\"sameAs\":[\"https:\\\/\\\/www.facebook.com\\\/Amis.du.Parc\\\/\"]},{\"@type\":\"Person\",\"@id\":\"https:\\\/\\\/amis-parc-foret-orient.fr\\\/#\\\/schema\\\/person\\\/8961238e6b786153d305b90e6d96037f\",\"name\":\"Katell\",\"image\":{\"@type\":\"ImageObject\",\"inLanguage\":\"fr-FR\",\"@id\":\"https:\\\/\\\/secure.gravatar.com\\\/avatar\\\/e3d85f2f6ff53b0fa29c4f19018fd7eacf2d993b69093d04ab556e1a47b4910e?s=96&d=monsterid&r=g\",\"url\":\"https:\\\/\\\/secure.gravatar.com\\\/avatar\\\/e3d85f2f6ff53b0fa29c4f19018fd7eacf2d993b69093d04ab556e1a47b4910e?s=96&d=monsterid&r=g\",\"contentUrl\":\"https:\\\/\\\/secure.gravatar.com\\\/avatar\\\/e3d85f2f6ff53b0fa29c4f19018fd7eacf2d993b69093d04ab556e1a47b4910e?s=96&d=monsterid&r=g\",\"caption\":\"Katell\"},\"url\":\"https:\\\/\\\/amis-parc-foret-orient.fr\\\/index.php\\\/author\\\/ladpsn4-2-2-2-2-2-2-2-2-2-2\\\/\"}]}<\/script>\n<!-- \/ Yoast SEO plugin. -->","yoast_head_json":{"title":"Sortie nature \"Balade autour des plantes sauvages comestibles et m\u00e9dicinales\" le samedi 19 avril 2025 - Les Amis du Parc de la For\u00eat d&#039;Orient","robots":{"index":"index","follow":"follow","max-snippet":"max-snippet:-1","max-image-preview":"max-image-preview:large","max-video-preview":"max-video-preview:-1"},"canonical":"https:\/\/amis-parc-foret-orient.fr\/index.php\/2025\/01\/01\/sortie-nature-plantes\/","og_locale":"fr_FR","og_type":"article","og_title":"Sortie nature \"Balade autour des plantes sauvages comestibles et m\u00e9dicinales\" le samedi 19 avril 2025 - Les Amis du Parc de la For\u00eat d&#039;Orient","og_description":"Ce sont 25 personnes qui ont particip\u00e9 \u00e0 la sortie nature propos\u00e9e le 19 avril 2025.","og_url":"https:\/\/amis-parc-foret-orient.fr\/index.php\/2025\/01\/01\/sortie-nature-plantes\/","og_site_name":"Les Amis du Parc de la For\u00eat d&#039;Orient","article_publisher":"https:\/\/www.facebook.com\/Amis.du.Parc\/","article_published_time":"2025-01-01T03:19:00+00:00","article_modified_time":"2025-08-26T15:47:48+00:00","og_image":[{"width":1000,"height":1320,"url":"https:\/\/amis-parc-foret-orient.fr\/wp-content\/uploads\/2024\/03\/20241125_131847.jpg","type":"image\/jpeg"}],"author":"Katell","twitter_card":"summary_large_image","twitter_misc":{"\u00c9crit par":"Katell","Dur\u00e9e de lecture estim\u00e9e":"1 minute"},"schema":{"@context":"https:\/\/schema.org","@graph":[{"@type":"Article","@id":"https:\/\/amis-parc-foret-orient.fr\/index.php\/2025\/01\/01\/sortie-nature-plantes\/#article","isPartOf":{"@id":"https:\/\/amis-parc-foret-orient.fr\/index.php\/2025\/01\/01\/sortie-nature-plantes\/"},"author":{"name":"Katell","@id":"https:\/\/amis-parc-foret-orient.fr\/#\/schema\/person\/8961238e6b786153d305b90e6d96037f"},"headline":"Sortie nature \u00ab\u00a0Balade autour des plantes sauvages comestibles et m\u00e9dicinales\u00a0\u00bb le samedi 19 avril 2025","datePublished":"2025-01-01T03:19:00+00:00","dateModified":"2025-08-26T15:47:48+00:00","mainEntityOfPage":{"@id":"https:\/\/amis-parc-foret-orient.fr\/index.php\/2025\/01\/01\/sortie-nature-plantes\/"},"wordCount":75,"commentCount":0,"publisher":{"@id":"https:\/\/amis-parc-foret-orient.fr\/#organization"},"image":{"@id":"https:\/\/amis-parc-foret-orient.fr\/index.php\/2025\/01\/01\/sortie-nature-plantes\/#primaryimage"},"thumbnailUrl":"https:\/\/amis-parc-foret-orient.fr\/wp-content\/uploads\/2024\/03\/20241125_131847.jpg","articleSection":["2\u00e8me trimestre 2025","Animations","Animations pass\u00e9es","Avril","Sorties natures"],"inLanguage":"fr-FR","potentialAction":[{"@type":"CommentAction","name":"Comment","target":["https:\/\/amis-parc-foret-orient.fr\/index.php\/2025\/01\/01\/sortie-nature-plantes\/#respond"]}]},{"@type":"WebPage","@id":"https:\/\/amis-parc-foret-orient.fr\/index.php\/2025\/01\/01\/sortie-nature-plantes\/","url":"https:\/\/amis-parc-foret-orient.fr\/index.php\/2025\/01\/01\/sortie-nature-plantes\/","name":"Sortie nature \"Balade autour des plantes sauvages comestibles et m\u00e9dicinales\" le samedi 19 avril 2025 - Les Amis du Parc de la For\u00eat d&#039;Orient","isPartOf":{"@id":"https:\/\/amis-parc-foret-orient.fr\/#website"},"primaryImageOfPage":{"@id":"https:\/\/amis-parc-foret-orient.fr\/index.php\/2025\/01\/01\/sortie-nature-plantes\/#primaryimage"},"image":{"@id":"https:\/\/amis-parc-foret-orient.fr\/index.php\/2025\/01\/01\/sortie-nature-plantes\/#primaryimage"},"thumbnailUrl":"https:\/\/amis-parc-foret-orient.fr\/wp-content\/uploads\/2024\/03\/20241125_131847.jpg","datePublished":"2025-01-01T03:19:00+00:00","dateModified":"2025-08-26T15:47:48+00:00","breadcrumb":{"@id":"https:\/\/amis-parc-foret-orient.fr\/index.php\/2025\/01\/01\/sortie-nature-plantes\/#breadcrumb"},"inLanguage":"fr-FR","potentialAction":[{"@type":"ReadAction","target":["https:\/\/amis-parc-foret-orient.fr\/index.php\/2025\/01\/01\/sortie-nature-plantes\/"]}]},{"@type":"ImageObject","inLanguage":"fr-FR","@id":"https:\/\/amis-parc-foret-orient.fr\/index.php\/2025\/01\/01\/sortie-nature-plantes\/#primaryimage","url":"https:\/\/amis-parc-foret-orient.fr\/wp-content\/uploads\/2024\/03\/20241125_131847.jpg","contentUrl":"https:\/\/amis-parc-foret-orient.fr\/wp-content\/uploads\/2024\/03\/20241125_131847.jpg","width":1000,"height":1320},{"@type":"BreadcrumbList","@id":"https:\/\/amis-parc-foret-orient.fr\/index.php\/2025\/01\/01\/sortie-nature-plantes\/#breadcrumb","itemListElement":[{"@type":"ListItem","position":1,"name":"Home","item":"https:\/\/amis-parc-foret-orient.fr\/"},{"@type":"ListItem","position":2,"name":"Sortie nature \u00ab\u00a0Balade autour des plantes sauvages comestibles et m\u00e9dicinales\u00a0\u00bb le samedi 19 avril 2025"}]},{"@type":"WebSite","@id":"https:\/\/amis-parc-foret-orient.fr\/#website","url":"https:\/\/amis-parc-foret-orient.fr\/","name":"Les Amis du Parc de la For\u00eat d'Orient","description":"","publisher":{"@id":"https:\/\/amis-parc-foret-orient.fr\/#organization"},"potentialAction":[{"@type":"SearchAction","target":{"@type":"EntryPoint","urlTemplate":"https:\/\/amis-parc-foret-orient.fr\/?s={search_term_string}"},"query-input":{"@type":"PropertyValueSpecification","valueRequired":true,"valueName":"search_term_string"}}],"inLanguage":"fr-FR"},{"@type":"Organization","@id":"https:\/\/amis-parc-foret-orient.fr\/#organization","name":"Les Amis du Parc de la For\u00eat d'Orient","url":"https:\/\/amis-parc-foret-orient.fr\/","logo":{"@type":"ImageObject","inLanguage":"fr-FR","@id":"https:\/\/amis-parc-foret-orient.fr\/#\/schema\/logo\/image\/","url":"https:\/\/amis-parc-foret-orient.fr\/wp-content\/uploads\/2025\/08\/cropped-logo_amis_parc_2025_150-1-1.png","contentUrl":"https:\/\/amis-parc-foret-orient.fr\/wp-content\/uploads\/2025\/08\/cropped-logo_amis_parc_2025_150-1-1.png","width":400,"height":175,"caption":"Les Amis du Parc de la For\u00eat d'Orient"},"image":{"@id":"https:\/\/amis-parc-foret-orient.fr\/#\/schema\/logo\/image\/"},"sameAs":["https:\/\/www.facebook.com\/Amis.du.Parc\/"]},{"@type":"Person","@id":"https:\/\/amis-parc-foret-orient.fr\/#\/schema\/person\/8961238e6b786153d305b90e6d96037f","name":"Katell","image":{"@type":"ImageObject","inLanguage":"fr-FR","@id":"https:\/\/secure.gravatar.com\/avatar\/e3d85f2f6ff53b0fa29c4f19018fd7eacf2d993b69093d04ab556e1a47b4910e?s=96&d=monsterid&r=g","url":"https:\/\/secure.gravatar.com\/avatar\/e3d85f2f6ff53b0fa29c4f19018fd7eacf2d993b69093d04ab556e1a47b4910e?s=96&d=monsterid&r=g","contentUrl":"https:\/\/secure.gravatar.com\/avatar\/e3d85f2f6ff53b0fa29c4f19018fd7eacf2d993b69093d04ab556e1a47b4910e?s=96&d=monsterid&r=g","caption":"Katell"},"url":"https:\/\/amis-parc-foret-orient.fr\/index.php\/author\/ladpsn4-2-2-2-2-2-2-2-2-2-2\/"}]}},"blog_post_layout_featured_media_urls":{"thumbnail":["https:\/\/amis-parc-foret-orient.fr\/wp-content\/uploads\/2024\/03\/20241125_131847-150x150.jpg",150,150,true],"full":["https:\/\/amis-parc-foret-orient.fr\/wp-content\/uploads\/2024\/03\/20241125_131847.jpg",1000,1320,false]},"categories_names":{"258":{"name":"2\u00e8me trimestre 2025","link":"https:\/\/amis-parc-foret-orient.fr\/index.php\/category\/animations\/archives\/2eme-trimestre-2025\/"},"21":{"name":"Animations","link":"https:\/\/amis-parc-foret-orient.fr\/index.php\/category\/animations\/"},"252":{"name":"Animations pass\u00e9es","link":"https:\/\/amis-parc-foret-orient.fr\/index.php\/category\/animations\/animations-passees\/"},"25":{"name":"Avril","link":"https:\/\/amis-parc-foret-orient.fr\/index.php\/category\/avril\/"},"36":{"name":"Sorties natures","link":"https:\/\/amis-parc-foret-orient.fr\/index.php\/category\/sorties-natures\/"}},"tags_names":[],"comments_number":"0","wpmagazine_modules_lite_featured_media_urls":{"thumbnail":["https:\/\/amis-parc-foret-orient.fr\/wp-content\/uploads\/2024\/03\/20241125_131847-150x150.jpg",150,150,true],"cvmm-medium":["https:\/\/amis-parc-foret-orient.fr\/wp-content\/uploads\/2024\/03\/20241125_131847.jpg",227,300,false],"cvmm-medium-plus":["https:\/\/amis-parc-foret-orient.fr\/wp-content\/uploads\/2024\/03\/20241125_131847.jpg",157,207,false],"cvmm-portrait":["https:\/\/amis-parc-foret-orient.fr\/wp-content\/uploads\/2024\/03\/20241125_131847.jpg",400,528,false],"cvmm-medium-square":["https:\/\/amis-parc-foret-orient.fr\/wp-content\/uploads\/2024\/03\/20241125_131847.jpg",455,600,false],"cvmm-large":["https:\/\/amis-parc-foret-orient.fr\/wp-content\/uploads\/2024\/03\/20241125_131847.jpg",776,1024,false],"cvmm-small":["https:\/\/amis-parc-foret-orient.fr\/wp-content\/uploads\/2024\/03\/20241125_131847.jpg",72,95,false],"full":["https:\/\/amis-parc-foret-orient.fr\/wp-content\/uploads\/2024\/03\/20241125_131847.jpg",1000,1320,false]},"_links":{"self":[{"href":"https:\/\/amis-parc-foret-orient.fr\/index.php\/wp-json\/wp\/v2\/posts\/1868","targetHints":{"allow":["GET"]}}],"collection":[{"href":"https:\/\/amis-parc-foret-orient.fr\/index.php\/wp-json\/wp\/v2\/posts"}],"about":[{"href":"https:\/\/amis-parc-foret-orient.fr\/index.php\/wp-json\/wp\/v2\/types\/post"}],"author":[{"embeddable":true,"href":"https:\/\/amis-parc-foret-orient.fr\/index.php\/wp-json\/wp\/v2\/users\/1"}],"replies":[{"embeddable":true,"href":"https:\/\/amis-parc-foret-orient.fr\/index.php\/wp-json\/wp\/v2\/comments?post=1868"}],"version-history":[{"count":0,"href":"https:\/\/amis-parc-foret-orient.fr\/index.php\/wp-json\/wp\/v2\/posts\/1868\/revisions"}],"wp:featuredmedia":[{"embeddable":true,"href":"https:\/\/amis-parc-foret-orient.fr\/index.php\/wp-json\/wp\/v2\/media\/4710"}],"wp:attachment":[{"href":"https:\/\/amis-parc-foret-orient.fr\/index.php\/wp-json\/wp\/v2\/media?parent=1868"}],"wp:term":[{"taxonomy":"category","embeddable":true,"href":"https:\/\/amis-parc-foret-orient.fr\/index.php\/wp-json\/wp\/v2\/categories?post=1868"},{"taxonomy":"post_tag","embeddable":true,"href":"https:\/\/amis-parc-foret-orient.fr\/index.php\/wp-json\/wp\/v2\/tags?post=1868"}],"curies":[{"name":"wp","href":"https:\/\/api.w.org\/{rel}","templated":true}]}}