{"id":1851,"date":"2025-01-01T03:08:00","date_gmt":"2025-01-01T02:08:00","guid":{"rendered":"http:\/\/amis-parc-foret-orient.fr\/?p=1851"},"modified":"2025-09-03T10:34:25","modified_gmt":"2025-09-03T09:34:25","slug":"conference-initiation-a-la-botanique","status":"publish","type":"post","link":"https:\/\/amis-parc-foret-orient.fr\/index.php\/2025\/01\/01\/conference-initiation-a-la-botanique\/","title":{"rendered":"Samedi 8 mars 2025 &#8211; Conf\u00e9rence \u00ab\u00a0initiation \u00e0 la botanique\u00a0\u00bb"},"content":{"rendered":"\n<p>Ce sont 27 personnes qui ont assist\u00e9 \u00e0 la conf\u00e9rence initiation \u00e0 la botanique anim\u00e9e par Arnaud Laculle le samedi 8 mars 2025 \u00e0 Piney.<\/p>\n\n\n\n<!--more-->\n\n\n\n<p>La conf\u00e9rence litt\u00e9ralement au ras des p\u00e2querettes !<br>Arnaud Laculle, \u00e9tudiant en BTS Gestion et Protection de la Nature a propos\u00e9 une conf\u00e9rence \u00ab initiation \u00e0 la botanique \u00bb ou comment pr\u00e9senter et donner l\u2019envie au grand public de d\u00e9couvrir la diversit\u00e9 floristique du d\u00e9partement de l\u2019Aube en leur montrant que cette pratique est bien plus accessible qu\u2019on ne le croit.<\/p>\n","protected":false},"excerpt":{"rendered":"<p>Ce sont 27 personnes qui ont assist\u00e9 \u00e0 la conf\u00e9rence initiation \u00e0 la botanique anim\u00e9e par Arnaud Laculle le samedi 8 mars 2025 \u00e0 Piney.<\/p>\n","protected":false},"author":11,"featured_media":4674,"comment_status":"open","ping_status":"open","sticky":false,"template":"","format":"standard","meta":{"footnotes":"","_wp_rev_ctl_limit":""},"categories":[257,21,252,24,37],"tags":[],"class_list":["post-1851","post","type-post","status-publish","format-standard","has-post-thumbnail","hentry","category-1er-trimestre-2025","category-animations","category-animations-passees","category-mars","category-sorties-culturelles"],"yoast_head":"<!-- This site is optimized with the Yoast SEO plugin v27.5 - https:\/\/yoast.com\/product\/yoast-seo-wordpress\/ -->\n<title>Samedi 8 mars 2025 - Conf\u00e9rence &quot;initiation \u00e0 la botanique&quot; - Les Amis du Parc de la For\u00eat d&#039;Orient<\/title>\n<meta name=\"robots\" content=\"index, follow, max-snippet:-1, max-image-preview:large, max-video-preview:-1\" \/>\n<link rel=\"canonical\" href=\"https:\/\/amis-parc-foret-orient.fr\/index.php\/2025\/01\/01\/conference-initiation-a-la-botanique\/\" \/>\n<meta property=\"og:locale\" content=\"fr_FR\" \/>\n<meta property=\"og:type\" content=\"article\" \/>\n<meta property=\"og:title\" content=\"Samedi 8 mars 2025 - Conf\u00e9rence &quot;initiation \u00e0 la botanique&quot; - Les Amis du Parc de la For\u00eat d&#039;Orient\" \/>\n<meta property=\"og:description\" content=\"Ce sont 27 personnes qui ont assist\u00e9 \u00e0 la conf\u00e9rence initiation \u00e0 la botanique anim\u00e9e par Arnaud Laculle le samedi 8 mars 2025 \u00e0 Piney.\" \/>\n<meta property=\"og:url\" content=\"https:\/\/amis-parc-foret-orient.fr\/index.php\/2025\/01\/01\/conference-initiation-a-la-botanique\/\" \/>\n<meta property=\"og:site_name\" content=\"Les Amis du Parc de la For\u00eat d&#039;Orient\" \/>\n<meta property=\"article:publisher\" content=\"https:\/\/www.facebook.com\/Amis.du.Parc\/\" \/>\n<meta property=\"article:published_time\" content=\"2025-01-01T02:08:00+00:00\" \/>\n<meta property=\"article:modified_time\" content=\"2025-09-03T09:34:25+00:00\" \/>\n<meta property=\"og:image\" content=\"https:\/\/amis-parc-foret-orient.fr\/wp-content\/uploads\/2025\/01\/affiche_conf_piney_botnaique-compressee-et-redimensionnee-1.png\" \/>\n\t<meta property=\"og:image:width\" content=\"540\" \/>\n\t<meta property=\"og:image:height\" content=\"800\" \/>\n\t<meta property=\"og:image:type\" content=\"image\/png\" \/>\n<meta name=\"author\" content=\"marie-france Barret\" \/>\n<meta name=\"twitter:card\" content=\"summary_large_image\" \/>\n<meta name=\"twitter:label1\" content=\"\u00c9crit par\" \/>\n\t<meta name=\"twitter:data1\" content=\"marie-france Barret\" \/>\n\t<meta name=\"twitter:label2\" content=\"Dur\u00e9e de lecture estim\u00e9e\" \/>\n\t<meta name=\"twitter:data2\" content=\"1 minute\" \/>\n<script type=\"application\/ld+json\" class=\"yoast-schema-graph\">{\"@context\":\"https:\\\/\\\/schema.org\",\"@graph\":[{\"@type\":\"Article\",\"@id\":\"https:\\\/\\\/amis-parc-foret-orient.fr\\\/index.php\\\/2025\\\/01\\\/01\\\/conference-initiation-a-la-botanique\\\/#article\",\"isPartOf\":{\"@id\":\"https:\\\/\\\/amis-parc-foret-orient.fr\\\/index.php\\\/2025\\\/01\\\/01\\\/conference-initiation-a-la-botanique\\\/\"},\"author\":{\"name\":\"marie-france Barret\",\"@id\":\"https:\\\/\\\/amis-parc-foret-orient.fr\\\/#\\\/schema\\\/person\\\/254792e4f20673cd963bdd14b8a06e09\"},\"headline\":\"Samedi 8 mars 2025 &#8211; Conf\u00e9rence \u00ab\u00a0initiation \u00e0 la botanique\u00a0\u00bb\",\"datePublished\":\"2025-01-01T02:08:00+00:00\",\"dateModified\":\"2025-09-03T09:34:25+00:00\",\"mainEntityOfPage\":{\"@id\":\"https:\\\/\\\/amis-parc-foret-orient.fr\\\/index.php\\\/2025\\\/01\\\/01\\\/conference-initiation-a-la-botanique\\\/\"},\"wordCount\":96,\"commentCount\":0,\"publisher\":{\"@id\":\"https:\\\/\\\/amis-parc-foret-orient.fr\\\/#organization\"},\"image\":{\"@id\":\"https:\\\/\\\/amis-parc-foret-orient.fr\\\/index.php\\\/2025\\\/01\\\/01\\\/conference-initiation-a-la-botanique\\\/#primaryimage\"},\"thumbnailUrl\":\"https:\\\/\\\/amis-parc-foret-orient.fr\\\/wp-content\\\/uploads\\\/2025\\\/01\\\/affiche_conf_piney_botnaique-compressee-et-redimensionnee-1.png\",\"articleSection\":[\"1er trimestre 2025\",\"Animations\",\"Animations pass\u00e9es\",\"Mars\",\"Sorties culturelles\"],\"inLanguage\":\"fr-FR\",\"potentialAction\":[{\"@type\":\"CommentAction\",\"name\":\"Comment\",\"target\":[\"https:\\\/\\\/amis-parc-foret-orient.fr\\\/index.php\\\/2025\\\/01\\\/01\\\/conference-initiation-a-la-botanique\\\/#respond\"]}]},{\"@type\":\"WebPage\",\"@id\":\"https:\\\/\\\/amis-parc-foret-orient.fr\\\/index.php\\\/2025\\\/01\\\/01\\\/conference-initiation-a-la-botanique\\\/\",\"url\":\"https:\\\/\\\/amis-parc-foret-orient.fr\\\/index.php\\\/2025\\\/01\\\/01\\\/conference-initiation-a-la-botanique\\\/\",\"name\":\"Samedi 8 mars 2025 - Conf\u00e9rence \\\"initiation \u00e0 la botanique\\\" - Les Amis du Parc de la For\u00eat d&#039;Orient\",\"isPartOf\":{\"@id\":\"https:\\\/\\\/amis-parc-foret-orient.fr\\\/#website\"},\"primaryImageOfPage\":{\"@id\":\"https:\\\/\\\/amis-parc-foret-orient.fr\\\/index.php\\\/2025\\\/01\\\/01\\\/conference-initiation-a-la-botanique\\\/#primaryimage\"},\"image\":{\"@id\":\"https:\\\/\\\/amis-parc-foret-orient.fr\\\/index.php\\\/2025\\\/01\\\/01\\\/conference-initiation-a-la-botanique\\\/#primaryimage\"},\"thumbnailUrl\":\"https:\\\/\\\/amis-parc-foret-orient.fr\\\/wp-content\\\/uploads\\\/2025\\\/01\\\/affiche_conf_piney_botnaique-compressee-et-redimensionnee-1.png\",\"datePublished\":\"2025-01-01T02:08:00+00:00\",\"dateModified\":\"2025-09-03T09:34:25+00:00\",\"breadcrumb\":{\"@id\":\"https:\\\/\\\/amis-parc-foret-orient.fr\\\/index.php\\\/2025\\\/01\\\/01\\\/conference-initiation-a-la-botanique\\\/#breadcrumb\"},\"inLanguage\":\"fr-FR\",\"potentialAction\":[{\"@type\":\"ReadAction\",\"target\":[\"https:\\\/\\\/amis-parc-foret-orient.fr\\\/index.php\\\/2025\\\/01\\\/01\\\/conference-initiation-a-la-botanique\\\/\"]}]},{\"@type\":\"ImageObject\",\"inLanguage\":\"fr-FR\",\"@id\":\"https:\\\/\\\/amis-parc-foret-orient.fr\\\/index.php\\\/2025\\\/01\\\/01\\\/conference-initiation-a-la-botanique\\\/#primaryimage\",\"url\":\"https:\\\/\\\/amis-parc-foret-orient.fr\\\/wp-content\\\/uploads\\\/2025\\\/01\\\/affiche_conf_piney_botnaique-compressee-et-redimensionnee-1.png\",\"contentUrl\":\"https:\\\/\\\/amis-parc-foret-orient.fr\\\/wp-content\\\/uploads\\\/2025\\\/01\\\/affiche_conf_piney_botnaique-compressee-et-redimensionnee-1.png\",\"width\":540,\"height\":800},{\"@type\":\"BreadcrumbList\",\"@id\":\"https:\\\/\\\/amis-parc-foret-orient.fr\\\/index.php\\\/2025\\\/01\\\/01\\\/conference-initiation-a-la-botanique\\\/#breadcrumb\",\"itemListElement\":[{\"@type\":\"ListItem\",\"position\":1,\"name\":\"Home\",\"item\":\"https:\\\/\\\/amis-parc-foret-orient.fr\\\/\"},{\"@type\":\"ListItem\",\"position\":2,\"name\":\"Samedi 8 mars 2025 &#8211; Conf\u00e9rence \u00ab\u00a0initiation \u00e0 la botanique\u00a0\u00bb\"}]},{\"@type\":\"WebSite\",\"@id\":\"https:\\\/\\\/amis-parc-foret-orient.fr\\\/#website\",\"url\":\"https:\\\/\\\/amis-parc-foret-orient.fr\\\/\",\"name\":\"Les Amis du Parc de la For\u00eat d'Orient\",\"description\":\"\",\"publisher\":{\"@id\":\"https:\\\/\\\/amis-parc-foret-orient.fr\\\/#organization\"},\"potentialAction\":[{\"@type\":\"SearchAction\",\"target\":{\"@type\":\"EntryPoint\",\"urlTemplate\":\"https:\\\/\\\/amis-parc-foret-orient.fr\\\/?s={search_term_string}\"},\"query-input\":{\"@type\":\"PropertyValueSpecification\",\"valueRequired\":true,\"valueName\":\"search_term_string\"}}],\"inLanguage\":\"fr-FR\"},{\"@type\":\"Organization\",\"@id\":\"https:\\\/\\\/amis-parc-foret-orient.fr\\\/#organization\",\"name\":\"Les Amis du Parc de la For\u00eat d'Orient\",\"url\":\"https:\\\/\\\/amis-parc-foret-orient.fr\\\/\",\"logo\":{\"@type\":\"ImageObject\",\"inLanguage\":\"fr-FR\",\"@id\":\"https:\\\/\\\/amis-parc-foret-orient.fr\\\/#\\\/schema\\\/logo\\\/image\\\/\",\"url\":\"https:\\\/\\\/amis-parc-foret-orient.fr\\\/wp-content\\\/uploads\\\/2025\\\/08\\\/cropped-logo_amis_parc_2025_150-1-1.png\",\"contentUrl\":\"https:\\\/\\\/amis-parc-foret-orient.fr\\\/wp-content\\\/uploads\\\/2025\\\/08\\\/cropped-logo_amis_parc_2025_150-1-1.png\",\"width\":400,\"height\":175,\"caption\":\"Les Amis du Parc de la For\u00eat d'Orient\"},\"image\":{\"@id\":\"https:\\\/\\\/amis-parc-foret-orient.fr\\\/#\\\/schema\\\/logo\\\/image\\\/\"},\"sameAs\":[\"https:\\\/\\\/www.facebook.com\\\/Amis.du.Parc\\\/\"]},{\"@type\":\"Person\",\"@id\":\"https:\\\/\\\/amis-parc-foret-orient.fr\\\/#\\\/schema\\\/person\\\/254792e4f20673cd963bdd14b8a06e09\",\"name\":\"marie-france Barret\",\"image\":{\"@type\":\"ImageObject\",\"inLanguage\":\"fr-FR\",\"@id\":\"https:\\\/\\\/secure.gravatar.com\\\/avatar\\\/0a6ea20dfb258844f4c15349f8f2c79a20c97ad3c9f269fd404a2ed22a5229b8?s=96&d=monsterid&r=g\",\"url\":\"https:\\\/\\\/secure.gravatar.com\\\/avatar\\\/0a6ea20dfb258844f4c15349f8f2c79a20c97ad3c9f269fd404a2ed22a5229b8?s=96&d=monsterid&r=g\",\"contentUrl\":\"https:\\\/\\\/secure.gravatar.com\\\/avatar\\\/0a6ea20dfb258844f4c15349f8f2c79a20c97ad3c9f269fd404a2ed22a5229b8?s=96&d=monsterid&r=g\",\"caption\":\"marie-france Barret\"},\"url\":\"https:\\\/\\\/amis-parc-foret-orient.fr\\\/index.php\\\/author\\\/m-felcn1\\\/\"}]}<\/script>\n<!-- \/ Yoast SEO plugin. -->","yoast_head_json":{"title":"Samedi 8 mars 2025 - Conf\u00e9rence \"initiation \u00e0 la botanique\" - Les Amis du Parc de la For\u00eat d&#039;Orient","robots":{"index":"index","follow":"follow","max-snippet":"max-snippet:-1","max-image-preview":"max-image-preview:large","max-video-preview":"max-video-preview:-1"},"canonical":"https:\/\/amis-parc-foret-orient.fr\/index.php\/2025\/01\/01\/conference-initiation-a-la-botanique\/","og_locale":"fr_FR","og_type":"article","og_title":"Samedi 8 mars 2025 - Conf\u00e9rence \"initiation \u00e0 la botanique\" - Les Amis du Parc de la For\u00eat d&#039;Orient","og_description":"Ce sont 27 personnes qui ont assist\u00e9 \u00e0 la conf\u00e9rence initiation \u00e0 la botanique anim\u00e9e par Arnaud Laculle le samedi 8 mars 2025 \u00e0 Piney.","og_url":"https:\/\/amis-parc-foret-orient.fr\/index.php\/2025\/01\/01\/conference-initiation-a-la-botanique\/","og_site_name":"Les Amis du Parc de la For\u00eat d&#039;Orient","article_publisher":"https:\/\/www.facebook.com\/Amis.du.Parc\/","article_published_time":"2025-01-01T02:08:00+00:00","article_modified_time":"2025-09-03T09:34:25+00:00","og_image":[{"width":540,"height":800,"url":"https:\/\/amis-parc-foret-orient.fr\/wp-content\/uploads\/2025\/01\/affiche_conf_piney_botnaique-compressee-et-redimensionnee-1.png","type":"image\/png"}],"author":"marie-france Barret","twitter_card":"summary_large_image","twitter_misc":{"\u00c9crit par":"marie-france Barret","Dur\u00e9e de lecture estim\u00e9e":"1 minute"},"schema":{"@context":"https:\/\/schema.org","@graph":[{"@type":"Article","@id":"https:\/\/amis-parc-foret-orient.fr\/index.php\/2025\/01\/01\/conference-initiation-a-la-botanique\/#article","isPartOf":{"@id":"https:\/\/amis-parc-foret-orient.fr\/index.php\/2025\/01\/01\/conference-initiation-a-la-botanique\/"},"author":{"name":"marie-france Barret","@id":"https:\/\/amis-parc-foret-orient.fr\/#\/schema\/person\/254792e4f20673cd963bdd14b8a06e09"},"headline":"Samedi 8 mars 2025 &#8211; Conf\u00e9rence \u00ab\u00a0initiation \u00e0 la botanique\u00a0\u00bb","datePublished":"2025-01-01T02:08:00+00:00","dateModified":"2025-09-03T09:34:25+00:00","mainEntityOfPage":{"@id":"https:\/\/amis-parc-foret-orient.fr\/index.php\/2025\/01\/01\/conference-initiation-a-la-botanique\/"},"wordCount":96,"commentCount":0,"publisher":{"@id":"https:\/\/amis-parc-foret-orient.fr\/#organization"},"image":{"@id":"https:\/\/amis-parc-foret-orient.fr\/index.php\/2025\/01\/01\/conference-initiation-a-la-botanique\/#primaryimage"},"thumbnailUrl":"https:\/\/amis-parc-foret-orient.fr\/wp-content\/uploads\/2025\/01\/affiche_conf_piney_botnaique-compressee-et-redimensionnee-1.png","articleSection":["1er trimestre 2025","Animations","Animations pass\u00e9es","Mars","Sorties culturelles"],"inLanguage":"fr-FR","potentialAction":[{"@type":"CommentAction","name":"Comment","target":["https:\/\/amis-parc-foret-orient.fr\/index.php\/2025\/01\/01\/conference-initiation-a-la-botanique\/#respond"]}]},{"@type":"WebPage","@id":"https:\/\/amis-parc-foret-orient.fr\/index.php\/2025\/01\/01\/conference-initiation-a-la-botanique\/","url":"https:\/\/amis-parc-foret-orient.fr\/index.php\/2025\/01\/01\/conference-initiation-a-la-botanique\/","name":"Samedi 8 mars 2025 - Conf\u00e9rence \"initiation \u00e0 la botanique\" - Les Amis du Parc de la For\u00eat d&#039;Orient","isPartOf":{"@id":"https:\/\/amis-parc-foret-orient.fr\/#website"},"primaryImageOfPage":{"@id":"https:\/\/amis-parc-foret-orient.fr\/index.php\/2025\/01\/01\/conference-initiation-a-la-botanique\/#primaryimage"},"image":{"@id":"https:\/\/amis-parc-foret-orient.fr\/index.php\/2025\/01\/01\/conference-initiation-a-la-botanique\/#primaryimage"},"thumbnailUrl":"https:\/\/amis-parc-foret-orient.fr\/wp-content\/uploads\/2025\/01\/affiche_conf_piney_botnaique-compressee-et-redimensionnee-1.png","datePublished":"2025-01-01T02:08:00+00:00","dateModified":"2025-09-03T09:34:25+00:00","breadcrumb":{"@id":"https:\/\/amis-parc-foret-orient.fr\/index.php\/2025\/01\/01\/conference-initiation-a-la-botanique\/#breadcrumb"},"inLanguage":"fr-FR","potentialAction":[{"@type":"ReadAction","target":["https:\/\/amis-parc-foret-orient.fr\/index.php\/2025\/01\/01\/conference-initiation-a-la-botanique\/"]}]},{"@type":"ImageObject","inLanguage":"fr-FR","@id":"https:\/\/amis-parc-foret-orient.fr\/index.php\/2025\/01\/01\/conference-initiation-a-la-botanique\/#primaryimage","url":"https:\/\/amis-parc-foret-orient.fr\/wp-content\/uploads\/2025\/01\/affiche_conf_piney_botnaique-compressee-et-redimensionnee-1.png","contentUrl":"https:\/\/amis-parc-foret-orient.fr\/wp-content\/uploads\/2025\/01\/affiche_conf_piney_botnaique-compressee-et-redimensionnee-1.png","width":540,"height":800},{"@type":"BreadcrumbList","@id":"https:\/\/amis-parc-foret-orient.fr\/index.php\/2025\/01\/01\/conference-initiation-a-la-botanique\/#breadcrumb","itemListElement":[{"@type":"ListItem","position":1,"name":"Home","item":"https:\/\/amis-parc-foret-orient.fr\/"},{"@type":"ListItem","position":2,"name":"Samedi 8 mars 2025 &#8211; Conf\u00e9rence \u00ab\u00a0initiation \u00e0 la botanique\u00a0\u00bb"}]},{"@type":"WebSite","@id":"https:\/\/amis-parc-foret-orient.fr\/#website","url":"https:\/\/amis-parc-foret-orient.fr\/","name":"Les Amis du Parc de la For\u00eat d'Orient","description":"","publisher":{"@id":"https:\/\/amis-parc-foret-orient.fr\/#organization"},"potentialAction":[{"@type":"SearchAction","target":{"@type":"EntryPoint","urlTemplate":"https:\/\/amis-parc-foret-orient.fr\/?s={search_term_string}"},"query-input":{"@type":"PropertyValueSpecification","valueRequired":true,"valueName":"search_term_string"}}],"inLanguage":"fr-FR"},{"@type":"Organization","@id":"https:\/\/amis-parc-foret-orient.fr\/#organization","name":"Les Amis du Parc de la For\u00eat d'Orient","url":"https:\/\/amis-parc-foret-orient.fr\/","logo":{"@type":"ImageObject","inLanguage":"fr-FR","@id":"https:\/\/amis-parc-foret-orient.fr\/#\/schema\/logo\/image\/","url":"https:\/\/amis-parc-foret-orient.fr\/wp-content\/uploads\/2025\/08\/cropped-logo_amis_parc_2025_150-1-1.png","contentUrl":"https:\/\/amis-parc-foret-orient.fr\/wp-content\/uploads\/2025\/08\/cropped-logo_amis_parc_2025_150-1-1.png","width":400,"height":175,"caption":"Les Amis du Parc de la For\u00eat d'Orient"},"image":{"@id":"https:\/\/amis-parc-foret-orient.fr\/#\/schema\/logo\/image\/"},"sameAs":["https:\/\/www.facebook.com\/Amis.du.Parc\/"]},{"@type":"Person","@id":"https:\/\/amis-parc-foret-orient.fr\/#\/schema\/person\/254792e4f20673cd963bdd14b8a06e09","name":"marie-france Barret","image":{"@type":"ImageObject","inLanguage":"fr-FR","@id":"https:\/\/secure.gravatar.com\/avatar\/0a6ea20dfb258844f4c15349f8f2c79a20c97ad3c9f269fd404a2ed22a5229b8?s=96&d=monsterid&r=g","url":"https:\/\/secure.gravatar.com\/avatar\/0a6ea20dfb258844f4c15349f8f2c79a20c97ad3c9f269fd404a2ed22a5229b8?s=96&d=monsterid&r=g","contentUrl":"https:\/\/secure.gravatar.com\/avatar\/0a6ea20dfb258844f4c15349f8f2c79a20c97ad3c9f269fd404a2ed22a5229b8?s=96&d=monsterid&r=g","caption":"marie-france Barret"},"url":"https:\/\/amis-parc-foret-orient.fr\/index.php\/author\/m-felcn1\/"}]}},"blog_post_layout_featured_media_urls":{"thumbnail":["https:\/\/amis-parc-foret-orient.fr\/wp-content\/uploads\/2025\/01\/affiche_conf_piney_botnaique-compressee-et-redimensionnee-1-150x150.png",150,150,true],"full":["https:\/\/amis-parc-foret-orient.fr\/wp-content\/uploads\/2025\/01\/affiche_conf_piney_botnaique-compressee-et-redimensionnee-1.png",540,800,false]},"categories_names":{"257":{"name":"1er trimestre 2025","link":"https:\/\/amis-parc-foret-orient.fr\/index.php\/category\/animations\/archives\/1er-trimestre-2025\/"},"21":{"name":"Animations","link":"https:\/\/amis-parc-foret-orient.fr\/index.php\/category\/animations\/"},"252":{"name":"Animations pass\u00e9es","link":"https:\/\/amis-parc-foret-orient.fr\/index.php\/category\/animations\/animations-passees\/"},"24":{"name":"Mars","link":"https:\/\/amis-parc-foret-orient.fr\/index.php\/category\/mars\/"},"37":{"name":"Sorties culturelles","link":"https:\/\/amis-parc-foret-orient.fr\/index.php\/category\/sorties-culturelles\/"}},"tags_names":[],"comments_number":"0","wpmagazine_modules_lite_featured_media_urls":{"thumbnail":["https:\/\/amis-parc-foret-orient.fr\/wp-content\/uploads\/2025\/01\/affiche_conf_piney_botnaique-compressee-et-redimensionnee-1-150x150.png",150,150,true],"cvmm-medium":["https:\/\/amis-parc-foret-orient.fr\/wp-content\/uploads\/2025\/01\/affiche_conf_piney_botnaique-compressee-et-redimensionnee-1.png",203,300,false],"cvmm-medium-plus":["https:\/\/amis-parc-foret-orient.fr\/wp-content\/uploads\/2025\/01\/affiche_conf_piney_botnaique-compressee-et-redimensionnee-1.png",140,207,false],"cvmm-portrait":["https:\/\/amis-parc-foret-orient.fr\/wp-content\/uploads\/2025\/01\/affiche_conf_piney_botnaique-compressee-et-redimensionnee-1.png",400,593,false],"cvmm-medium-square":["https:\/\/amis-parc-foret-orient.fr\/wp-content\/uploads\/2025\/01\/affiche_conf_piney_botnaique-compressee-et-redimensionnee-1.png",405,600,false],"cvmm-large":["https:\/\/amis-parc-foret-orient.fr\/wp-content\/uploads\/2025\/01\/affiche_conf_piney_botnaique-compressee-et-redimensionnee-1.png",540,800,false],"cvmm-small":["https:\/\/amis-parc-foret-orient.fr\/wp-content\/uploads\/2025\/01\/affiche_conf_piney_botnaique-compressee-et-redimensionnee-1.png",64,95,false],"full":["https:\/\/amis-parc-foret-orient.fr\/wp-content\/uploads\/2025\/01\/affiche_conf_piney_botnaique-compressee-et-redimensionnee-1.png",540,800,false]},"_links":{"self":[{"href":"https:\/\/amis-parc-foret-orient.fr\/index.php\/wp-json\/wp\/v2\/posts\/1851","targetHints":{"allow":["GET"]}}],"collection":[{"href":"https:\/\/amis-parc-foret-orient.fr\/index.php\/wp-json\/wp\/v2\/posts"}],"about":[{"href":"https:\/\/amis-parc-foret-orient.fr\/index.php\/wp-json\/wp\/v2\/types\/post"}],"author":[{"embeddable":true,"href":"https:\/\/amis-parc-foret-orient.fr\/index.php\/wp-json\/wp\/v2\/users\/11"}],"replies":[{"embeddable":true,"href":"https:\/\/amis-parc-foret-orient.fr\/index.php\/wp-json\/wp\/v2\/comments?post=1851"}],"version-history":[{"count":0,"href":"https:\/\/amis-parc-foret-orient.fr\/index.php\/wp-json\/wp\/v2\/posts\/1851\/revisions"}],"wp:featuredmedia":[{"embeddable":true,"href":"https:\/\/amis-parc-foret-orient.fr\/index.php\/wp-json\/wp\/v2\/media\/4674"}],"wp:attachment":[{"href":"https:\/\/amis-parc-foret-orient.fr\/index.php\/wp-json\/wp\/v2\/media?parent=1851"}],"wp:term":[{"taxonomy":"category","embeddable":true,"href":"https:\/\/amis-parc-foret-orient.fr\/index.php\/wp-json\/wp\/v2\/categories?post=1851"},{"taxonomy":"post_tag","embeddable":true,"href":"https:\/\/amis-parc-foret-orient.fr\/index.php\/wp-json\/wp\/v2\/tags?post=1851"}],"curies":[{"name":"wp","href":"https:\/\/api.w.org\/{rel}","templated":true}]}}