{"id":1849,"date":"2025-01-01T07:05:00","date_gmt":"2025-01-01T06:05:00","guid":{"rendered":"http:\/\/amis-parc-foret-orient.fr\/?p=1849"},"modified":"2025-08-29T10:41:25","modified_gmt":"2025-08-29T09:41:25","slug":"journee-decouverte-villemaure-amis-pnrfo","status":"publish","type":"post","link":"https:\/\/amis-parc-foret-orient.fr\/index.php\/2025\/01\/01\/journee-decouverte-villemaure-amis-pnrfo\/","title":{"rendered":"Samedi 5 juillet 2025 &#8211; Journ\u00e9e d\u00e9couverte \u00ab En passant par Villemaure-sur-Vanne, P\u00e2lis, Villadin et Neuville-sur-Vanne \u00bb"},"content":{"rendered":"\n<p>Ce sont 18 personnes qui ont particip\u00e9 \u00e0 la journ\u00e9e du samedi 5 juillet 2025 \u00ab En passant par Villemaure-sur-Vanne, P\u00e2lis, Villadin et Neuville-sur-Vanne \u00bb organis\u00e9e en covoiturage.<\/p>\n\n\n\n<!--more-->\n\n\n\n<p>A la crois\u00e9e du patrimoine et des arts, nous remercions les guides du cru passionn\u00e9s qui nous ont accueillis et guid\u00e9s.<\/p>\n\n\n\n<p>Programme de la journ\u00e9e :<br>Matin\u00e9e : visites de l\u2019\u00e9glise de Villemaure-sur-Vanne et de P\u00e2lis avec Mme Broquet puis de la r\u00e9sidence d\u2019artistes g\u00e9r\u00e9e par l\u2019association Tournefou \u00e0 P\u00e2lis<br>D\u00e9jeuner libre ou menu au restaurant La Nouvelle Bonneterie (menu \u00e0 23,50 euros sans les boissons : Gaspacho de melon &amp; jambon italien, Moussaka \u00e0 l\u2019aubergine et Panna cotta parfum\u00e9e \u00e0 la fleur d\u2019oranger &amp; abricot r\u00f4ti).<br>Apr\u00e8s-midi : visite guid\u00e9e de l\u2019\u00e9glise de Villadin puis balade au tertre de La Salette avec M. Saint Paul<br>D\u00e9couverte de la commune natale de Chomedey de Maisonneuve : Neuville-sur-Vanne.<\/p>\n\n\n\n<p>Photo : R\u00e9sidence d\u2019artistes association Tournefou<\/p>\n","protected":false},"excerpt":{"rendered":"<p>Ce sont 18 personnes qui ont particip\u00e9 \u00e0 la journ\u00e9e du samedi 5 juillet 2025 \u00ab En passant par Villemaure-sur-Vanne, P\u00e2lis, Villadin et Neuville-sur-Vanne \u00bb organis\u00e9e en covoiturage.<\/p>\n","protected":false},"author":11,"featured_media":4813,"comment_status":"open","ping_status":"open","sticky":false,"template":"","format":"standard","meta":{"footnotes":"","_wp_rev_ctl_limit":""},"categories":[259,252,34,28],"tags":[],"class_list":["post-1849","post","type-post","status-publish","format-standard","has-post-thumbnail","hentry","category-3eme-trimestre-2025","category-animations-passees","category-journees-decouverte","category-juillet"],"yoast_head":"<!-- This site is optimized with the Yoast SEO plugin v27.5 - https:\/\/yoast.com\/product\/yoast-seo-wordpress\/ -->\n<title>Samedi 5 juillet 2025 - Journ\u00e9e d\u00e9couverte \u00ab En passant par Villemaure-sur-Vanne, P\u00e2lis, Villadin et Neuville-sur-Vanne \u00bb - Les Amis du Parc de la For\u00eat d&#039;Orient<\/title>\n<meta name=\"robots\" content=\"index, follow, max-snippet:-1, max-image-preview:large, max-video-preview:-1\" \/>\n<link rel=\"canonical\" href=\"https:\/\/amis-parc-foret-orient.fr\/index.php\/2025\/01\/01\/journee-decouverte-villemaure-amis-pnrfo\/\" \/>\n<meta property=\"og:locale\" content=\"fr_FR\" \/>\n<meta property=\"og:type\" content=\"article\" \/>\n<meta property=\"og:title\" content=\"Samedi 5 juillet 2025 - Journ\u00e9e d\u00e9couverte \u00ab En passant par Villemaure-sur-Vanne, P\u00e2lis, Villadin et Neuville-sur-Vanne \u00bb - Les Amis du Parc de la For\u00eat d&#039;Orient\" \/>\n<meta property=\"og:description\" content=\"Ce sont 18 personnes qui ont particip\u00e9 \u00e0 la journ\u00e9e du samedi 5 juillet 2025 \u00ab En passant par Villemaure-sur-Vanne, P\u00e2lis, Villadin et Neuville-sur-Vanne \u00bb organis\u00e9e en covoiturage.\" \/>\n<meta property=\"og:url\" content=\"https:\/\/amis-parc-foret-orient.fr\/index.php\/2025\/01\/01\/journee-decouverte-villemaure-amis-pnrfo\/\" \/>\n<meta property=\"og:site_name\" content=\"Les Amis du Parc de la For\u00eat d&#039;Orient\" \/>\n<meta property=\"article:publisher\" content=\"https:\/\/www.facebook.com\/Amis.du.Parc\/\" \/>\n<meta property=\"article:published_time\" content=\"2025-01-01T06:05:00+00:00\" \/>\n<meta property=\"article:modified_time\" content=\"2025-08-29T09:41:25+00:00\" \/>\n<meta property=\"og:image\" content=\"https:\/\/amis-parc-foret-orient.fr\/wp-content\/uploads\/2024\/04\/parc-MW.jpg\" \/>\n\t<meta property=\"og:image:width\" content=\"1600\" \/>\n\t<meta property=\"og:image:height\" content=\"1200\" \/>\n\t<meta property=\"og:image:type\" content=\"image\/jpeg\" \/>\n<meta name=\"author\" content=\"marie-france Barret\" \/>\n<meta name=\"twitter:card\" content=\"summary_large_image\" \/>\n<meta name=\"twitter:label1\" content=\"\u00c9crit par\" \/>\n\t<meta name=\"twitter:data1\" content=\"marie-france Barret\" \/>\n\t<meta name=\"twitter:label2\" content=\"Dur\u00e9e de lecture estim\u00e9e\" \/>\n\t<meta name=\"twitter:data2\" content=\"1 minute\" \/>\n<script type=\"application\/ld+json\" class=\"yoast-schema-graph\">{\"@context\":\"https:\\\/\\\/schema.org\",\"@graph\":[{\"@type\":\"Article\",\"@id\":\"https:\\\/\\\/amis-parc-foret-orient.fr\\\/index.php\\\/2025\\\/01\\\/01\\\/journee-decouverte-villemaure-amis-pnrfo\\\/#article\",\"isPartOf\":{\"@id\":\"https:\\\/\\\/amis-parc-foret-orient.fr\\\/index.php\\\/2025\\\/01\\\/01\\\/journee-decouverte-villemaure-amis-pnrfo\\\/\"},\"author\":{\"name\":\"marie-france Barret\",\"@id\":\"https:\\\/\\\/amis-parc-foret-orient.fr\\\/#\\\/schema\\\/person\\\/254792e4f20673cd963bdd14b8a06e09\"},\"headline\":\"Samedi 5 juillet 2025 &#8211; Journ\u00e9e d\u00e9couverte \u00ab En passant par Villemaure-sur-Vanne, P\u00e2lis, Villadin et Neuville-sur-Vanne \u00bb\",\"datePublished\":\"2025-01-01T06:05:00+00:00\",\"dateModified\":\"2025-08-29T09:41:25+00:00\",\"mainEntityOfPage\":{\"@id\":\"https:\\\/\\\/amis-parc-foret-orient.fr\\\/index.php\\\/2025\\\/01\\\/01\\\/journee-decouverte-villemaure-amis-pnrfo\\\/\"},\"wordCount\":175,\"commentCount\":0,\"publisher\":{\"@id\":\"https:\\\/\\\/amis-parc-foret-orient.fr\\\/#organization\"},\"image\":{\"@id\":\"https:\\\/\\\/amis-parc-foret-orient.fr\\\/index.php\\\/2025\\\/01\\\/01\\\/journee-decouverte-villemaure-amis-pnrfo\\\/#primaryimage\"},\"thumbnailUrl\":\"https:\\\/\\\/amis-parc-foret-orient.fr\\\/wp-content\\\/uploads\\\/2024\\\/04\\\/parc-MW.jpg\",\"articleSection\":[\"3\u00e8me trimestre 2025\",\"Animations pass\u00e9es\",\"Journ\u00e9es d\u00e9couverte\",\"Juillet\"],\"inLanguage\":\"fr-FR\",\"potentialAction\":[{\"@type\":\"CommentAction\",\"name\":\"Comment\",\"target\":[\"https:\\\/\\\/amis-parc-foret-orient.fr\\\/index.php\\\/2025\\\/01\\\/01\\\/journee-decouverte-villemaure-amis-pnrfo\\\/#respond\"]}]},{\"@type\":\"WebPage\",\"@id\":\"https:\\\/\\\/amis-parc-foret-orient.fr\\\/index.php\\\/2025\\\/01\\\/01\\\/journee-decouverte-villemaure-amis-pnrfo\\\/\",\"url\":\"https:\\\/\\\/amis-parc-foret-orient.fr\\\/index.php\\\/2025\\\/01\\\/01\\\/journee-decouverte-villemaure-amis-pnrfo\\\/\",\"name\":\"Samedi 5 juillet 2025 - Journ\u00e9e d\u00e9couverte \u00ab En passant par Villemaure-sur-Vanne, P\u00e2lis, Villadin et Neuville-sur-Vanne \u00bb - Les Amis du Parc de la For\u00eat d&#039;Orient\",\"isPartOf\":{\"@id\":\"https:\\\/\\\/amis-parc-foret-orient.fr\\\/#website\"},\"primaryImageOfPage\":{\"@id\":\"https:\\\/\\\/amis-parc-foret-orient.fr\\\/index.php\\\/2025\\\/01\\\/01\\\/journee-decouverte-villemaure-amis-pnrfo\\\/#primaryimage\"},\"image\":{\"@id\":\"https:\\\/\\\/amis-parc-foret-orient.fr\\\/index.php\\\/2025\\\/01\\\/01\\\/journee-decouverte-villemaure-amis-pnrfo\\\/#primaryimage\"},\"thumbnailUrl\":\"https:\\\/\\\/amis-parc-foret-orient.fr\\\/wp-content\\\/uploads\\\/2024\\\/04\\\/parc-MW.jpg\",\"datePublished\":\"2025-01-01T06:05:00+00:00\",\"dateModified\":\"2025-08-29T09:41:25+00:00\",\"breadcrumb\":{\"@id\":\"https:\\\/\\\/amis-parc-foret-orient.fr\\\/index.php\\\/2025\\\/01\\\/01\\\/journee-decouverte-villemaure-amis-pnrfo\\\/#breadcrumb\"},\"inLanguage\":\"fr-FR\",\"potentialAction\":[{\"@type\":\"ReadAction\",\"target\":[\"https:\\\/\\\/amis-parc-foret-orient.fr\\\/index.php\\\/2025\\\/01\\\/01\\\/journee-decouverte-villemaure-amis-pnrfo\\\/\"]}]},{\"@type\":\"ImageObject\",\"inLanguage\":\"fr-FR\",\"@id\":\"https:\\\/\\\/amis-parc-foret-orient.fr\\\/index.php\\\/2025\\\/01\\\/01\\\/journee-decouverte-villemaure-amis-pnrfo\\\/#primaryimage\",\"url\":\"https:\\\/\\\/amis-parc-foret-orient.fr\\\/wp-content\\\/uploads\\\/2024\\\/04\\\/parc-MW.jpg\",\"contentUrl\":\"https:\\\/\\\/amis-parc-foret-orient.fr\\\/wp-content\\\/uploads\\\/2024\\\/04\\\/parc-MW.jpg\",\"width\":1600,\"height\":1200},{\"@type\":\"BreadcrumbList\",\"@id\":\"https:\\\/\\\/amis-parc-foret-orient.fr\\\/index.php\\\/2025\\\/01\\\/01\\\/journee-decouverte-villemaure-amis-pnrfo\\\/#breadcrumb\",\"itemListElement\":[{\"@type\":\"ListItem\",\"position\":1,\"name\":\"Home\",\"item\":\"https:\\\/\\\/amis-parc-foret-orient.fr\\\/\"},{\"@type\":\"ListItem\",\"position\":2,\"name\":\"Samedi 5 juillet 2025 &#8211; Journ\u00e9e d\u00e9couverte \u00ab En passant par Villemaure-sur-Vanne, P\u00e2lis, Villadin et Neuville-sur-Vanne \u00bb\"}]},{\"@type\":\"WebSite\",\"@id\":\"https:\\\/\\\/amis-parc-foret-orient.fr\\\/#website\",\"url\":\"https:\\\/\\\/amis-parc-foret-orient.fr\\\/\",\"name\":\"Les Amis du Parc de la For\u00eat d'Orient\",\"description\":\"\",\"publisher\":{\"@id\":\"https:\\\/\\\/amis-parc-foret-orient.fr\\\/#organization\"},\"potentialAction\":[{\"@type\":\"SearchAction\",\"target\":{\"@type\":\"EntryPoint\",\"urlTemplate\":\"https:\\\/\\\/amis-parc-foret-orient.fr\\\/?s={search_term_string}\"},\"query-input\":{\"@type\":\"PropertyValueSpecification\",\"valueRequired\":true,\"valueName\":\"search_term_string\"}}],\"inLanguage\":\"fr-FR\"},{\"@type\":\"Organization\",\"@id\":\"https:\\\/\\\/amis-parc-foret-orient.fr\\\/#organization\",\"name\":\"Les Amis du Parc de la For\u00eat d'Orient\",\"url\":\"https:\\\/\\\/amis-parc-foret-orient.fr\\\/\",\"logo\":{\"@type\":\"ImageObject\",\"inLanguage\":\"fr-FR\",\"@id\":\"https:\\\/\\\/amis-parc-foret-orient.fr\\\/#\\\/schema\\\/logo\\\/image\\\/\",\"url\":\"https:\\\/\\\/amis-parc-foret-orient.fr\\\/wp-content\\\/uploads\\\/2025\\\/08\\\/cropped-logo_amis_parc_2025_150-1-1.png\",\"contentUrl\":\"https:\\\/\\\/amis-parc-foret-orient.fr\\\/wp-content\\\/uploads\\\/2025\\\/08\\\/cropped-logo_amis_parc_2025_150-1-1.png\",\"width\":400,\"height\":175,\"caption\":\"Les Amis du Parc de la For\u00eat d'Orient\"},\"image\":{\"@id\":\"https:\\\/\\\/amis-parc-foret-orient.fr\\\/#\\\/schema\\\/logo\\\/image\\\/\"},\"sameAs\":[\"https:\\\/\\\/www.facebook.com\\\/Amis.du.Parc\\\/\"]},{\"@type\":\"Person\",\"@id\":\"https:\\\/\\\/amis-parc-foret-orient.fr\\\/#\\\/schema\\\/person\\\/254792e4f20673cd963bdd14b8a06e09\",\"name\":\"marie-france Barret\",\"image\":{\"@type\":\"ImageObject\",\"inLanguage\":\"fr-FR\",\"@id\":\"https:\\\/\\\/secure.gravatar.com\\\/avatar\\\/0a6ea20dfb258844f4c15349f8f2c79a20c97ad3c9f269fd404a2ed22a5229b8?s=96&d=monsterid&r=g\",\"url\":\"https:\\\/\\\/secure.gravatar.com\\\/avatar\\\/0a6ea20dfb258844f4c15349f8f2c79a20c97ad3c9f269fd404a2ed22a5229b8?s=96&d=monsterid&r=g\",\"contentUrl\":\"https:\\\/\\\/secure.gravatar.com\\\/avatar\\\/0a6ea20dfb258844f4c15349f8f2c79a20c97ad3c9f269fd404a2ed22a5229b8?s=96&d=monsterid&r=g\",\"caption\":\"marie-france Barret\"},\"url\":\"https:\\\/\\\/amis-parc-foret-orient.fr\\\/index.php\\\/author\\\/m-felcn1\\\/\"}]}<\/script>\n<!-- \/ Yoast SEO plugin. -->","yoast_head_json":{"title":"Samedi 5 juillet 2025 - Journ\u00e9e d\u00e9couverte \u00ab En passant par Villemaure-sur-Vanne, P\u00e2lis, Villadin et Neuville-sur-Vanne \u00bb - Les Amis du Parc de la For\u00eat d&#039;Orient","robots":{"index":"index","follow":"follow","max-snippet":"max-snippet:-1","max-image-preview":"max-image-preview:large","max-video-preview":"max-video-preview:-1"},"canonical":"https:\/\/amis-parc-foret-orient.fr\/index.php\/2025\/01\/01\/journee-decouverte-villemaure-amis-pnrfo\/","og_locale":"fr_FR","og_type":"article","og_title":"Samedi 5 juillet 2025 - Journ\u00e9e d\u00e9couverte \u00ab En passant par Villemaure-sur-Vanne, P\u00e2lis, Villadin et Neuville-sur-Vanne \u00bb - Les Amis du Parc de la For\u00eat d&#039;Orient","og_description":"Ce sont 18 personnes qui ont particip\u00e9 \u00e0 la journ\u00e9e du samedi 5 juillet 2025 \u00ab En passant par Villemaure-sur-Vanne, P\u00e2lis, Villadin et Neuville-sur-Vanne \u00bb organis\u00e9e en covoiturage.","og_url":"https:\/\/amis-parc-foret-orient.fr\/index.php\/2025\/01\/01\/journee-decouverte-villemaure-amis-pnrfo\/","og_site_name":"Les Amis du Parc de la For\u00eat d&#039;Orient","article_publisher":"https:\/\/www.facebook.com\/Amis.du.Parc\/","article_published_time":"2025-01-01T06:05:00+00:00","article_modified_time":"2025-08-29T09:41:25+00:00","og_image":[{"width":1600,"height":1200,"url":"https:\/\/amis-parc-foret-orient.fr\/wp-content\/uploads\/2024\/04\/parc-MW.jpg","type":"image\/jpeg"}],"author":"marie-france Barret","twitter_card":"summary_large_image","twitter_misc":{"\u00c9crit par":"marie-france Barret","Dur\u00e9e de lecture estim\u00e9e":"1 minute"},"schema":{"@context":"https:\/\/schema.org","@graph":[{"@type":"Article","@id":"https:\/\/amis-parc-foret-orient.fr\/index.php\/2025\/01\/01\/journee-decouverte-villemaure-amis-pnrfo\/#article","isPartOf":{"@id":"https:\/\/amis-parc-foret-orient.fr\/index.php\/2025\/01\/01\/journee-decouverte-villemaure-amis-pnrfo\/"},"author":{"name":"marie-france Barret","@id":"https:\/\/amis-parc-foret-orient.fr\/#\/schema\/person\/254792e4f20673cd963bdd14b8a06e09"},"headline":"Samedi 5 juillet 2025 &#8211; Journ\u00e9e d\u00e9couverte \u00ab En passant par Villemaure-sur-Vanne, P\u00e2lis, Villadin et Neuville-sur-Vanne \u00bb","datePublished":"2025-01-01T06:05:00+00:00","dateModified":"2025-08-29T09:41:25+00:00","mainEntityOfPage":{"@id":"https:\/\/amis-parc-foret-orient.fr\/index.php\/2025\/01\/01\/journee-decouverte-villemaure-amis-pnrfo\/"},"wordCount":175,"commentCount":0,"publisher":{"@id":"https:\/\/amis-parc-foret-orient.fr\/#organization"},"image":{"@id":"https:\/\/amis-parc-foret-orient.fr\/index.php\/2025\/01\/01\/journee-decouverte-villemaure-amis-pnrfo\/#primaryimage"},"thumbnailUrl":"https:\/\/amis-parc-foret-orient.fr\/wp-content\/uploads\/2024\/04\/parc-MW.jpg","articleSection":["3\u00e8me trimestre 2025","Animations pass\u00e9es","Journ\u00e9es d\u00e9couverte","Juillet"],"inLanguage":"fr-FR","potentialAction":[{"@type":"CommentAction","name":"Comment","target":["https:\/\/amis-parc-foret-orient.fr\/index.php\/2025\/01\/01\/journee-decouverte-villemaure-amis-pnrfo\/#respond"]}]},{"@type":"WebPage","@id":"https:\/\/amis-parc-foret-orient.fr\/index.php\/2025\/01\/01\/journee-decouverte-villemaure-amis-pnrfo\/","url":"https:\/\/amis-parc-foret-orient.fr\/index.php\/2025\/01\/01\/journee-decouverte-villemaure-amis-pnrfo\/","name":"Samedi 5 juillet 2025 - Journ\u00e9e d\u00e9couverte \u00ab En passant par Villemaure-sur-Vanne, P\u00e2lis, Villadin et Neuville-sur-Vanne \u00bb - Les Amis du Parc de la For\u00eat d&#039;Orient","isPartOf":{"@id":"https:\/\/amis-parc-foret-orient.fr\/#website"},"primaryImageOfPage":{"@id":"https:\/\/amis-parc-foret-orient.fr\/index.php\/2025\/01\/01\/journee-decouverte-villemaure-amis-pnrfo\/#primaryimage"},"image":{"@id":"https:\/\/amis-parc-foret-orient.fr\/index.php\/2025\/01\/01\/journee-decouverte-villemaure-amis-pnrfo\/#primaryimage"},"thumbnailUrl":"https:\/\/amis-parc-foret-orient.fr\/wp-content\/uploads\/2024\/04\/parc-MW.jpg","datePublished":"2025-01-01T06:05:00+00:00","dateModified":"2025-08-29T09:41:25+00:00","breadcrumb":{"@id":"https:\/\/amis-parc-foret-orient.fr\/index.php\/2025\/01\/01\/journee-decouverte-villemaure-amis-pnrfo\/#breadcrumb"},"inLanguage":"fr-FR","potentialAction":[{"@type":"ReadAction","target":["https:\/\/amis-parc-foret-orient.fr\/index.php\/2025\/01\/01\/journee-decouverte-villemaure-amis-pnrfo\/"]}]},{"@type":"ImageObject","inLanguage":"fr-FR","@id":"https:\/\/amis-parc-foret-orient.fr\/index.php\/2025\/01\/01\/journee-decouverte-villemaure-amis-pnrfo\/#primaryimage","url":"https:\/\/amis-parc-foret-orient.fr\/wp-content\/uploads\/2024\/04\/parc-MW.jpg","contentUrl":"https:\/\/amis-parc-foret-orient.fr\/wp-content\/uploads\/2024\/04\/parc-MW.jpg","width":1600,"height":1200},{"@type":"BreadcrumbList","@id":"https:\/\/amis-parc-foret-orient.fr\/index.php\/2025\/01\/01\/journee-decouverte-villemaure-amis-pnrfo\/#breadcrumb","itemListElement":[{"@type":"ListItem","position":1,"name":"Home","item":"https:\/\/amis-parc-foret-orient.fr\/"},{"@type":"ListItem","position":2,"name":"Samedi 5 juillet 2025 &#8211; Journ\u00e9e d\u00e9couverte \u00ab En passant par Villemaure-sur-Vanne, P\u00e2lis, Villadin et Neuville-sur-Vanne \u00bb"}]},{"@type":"WebSite","@id":"https:\/\/amis-parc-foret-orient.fr\/#website","url":"https:\/\/amis-parc-foret-orient.fr\/","name":"Les Amis du Parc de la For\u00eat d'Orient","description":"","publisher":{"@id":"https:\/\/amis-parc-foret-orient.fr\/#organization"},"potentialAction":[{"@type":"SearchAction","target":{"@type":"EntryPoint","urlTemplate":"https:\/\/amis-parc-foret-orient.fr\/?s={search_term_string}"},"query-input":{"@type":"PropertyValueSpecification","valueRequired":true,"valueName":"search_term_string"}}],"inLanguage":"fr-FR"},{"@type":"Organization","@id":"https:\/\/amis-parc-foret-orient.fr\/#organization","name":"Les Amis du Parc de la For\u00eat d'Orient","url":"https:\/\/amis-parc-foret-orient.fr\/","logo":{"@type":"ImageObject","inLanguage":"fr-FR","@id":"https:\/\/amis-parc-foret-orient.fr\/#\/schema\/logo\/image\/","url":"https:\/\/amis-parc-foret-orient.fr\/wp-content\/uploads\/2025\/08\/cropped-logo_amis_parc_2025_150-1-1.png","contentUrl":"https:\/\/amis-parc-foret-orient.fr\/wp-content\/uploads\/2025\/08\/cropped-logo_amis_parc_2025_150-1-1.png","width":400,"height":175,"caption":"Les Amis du Parc de la For\u00eat d'Orient"},"image":{"@id":"https:\/\/amis-parc-foret-orient.fr\/#\/schema\/logo\/image\/"},"sameAs":["https:\/\/www.facebook.com\/Amis.du.Parc\/"]},{"@type":"Person","@id":"https:\/\/amis-parc-foret-orient.fr\/#\/schema\/person\/254792e4f20673cd963bdd14b8a06e09","name":"marie-france Barret","image":{"@type":"ImageObject","inLanguage":"fr-FR","@id":"https:\/\/secure.gravatar.com\/avatar\/0a6ea20dfb258844f4c15349f8f2c79a20c97ad3c9f269fd404a2ed22a5229b8?s=96&d=monsterid&r=g","url":"https:\/\/secure.gravatar.com\/avatar\/0a6ea20dfb258844f4c15349f8f2c79a20c97ad3c9f269fd404a2ed22a5229b8?s=96&d=monsterid&r=g","contentUrl":"https:\/\/secure.gravatar.com\/avatar\/0a6ea20dfb258844f4c15349f8f2c79a20c97ad3c9f269fd404a2ed22a5229b8?s=96&d=monsterid&r=g","caption":"marie-france Barret"},"url":"https:\/\/amis-parc-foret-orient.fr\/index.php\/author\/m-felcn1\/"}]}},"blog_post_layout_featured_media_urls":{"thumbnail":["https:\/\/amis-parc-foret-orient.fr\/wp-content\/uploads\/2024\/04\/parc-MW-150x150.jpg",150,150,true],"full":["https:\/\/amis-parc-foret-orient.fr\/wp-content\/uploads\/2024\/04\/parc-MW.jpg",1600,1200,false]},"categories_names":{"259":{"name":"3\u00e8me trimestre 2025","link":"https:\/\/amis-parc-foret-orient.fr\/index.php\/category\/animations\/archives\/3eme-trimestre-2025\/"},"252":{"name":"Animations pass\u00e9es","link":"https:\/\/amis-parc-foret-orient.fr\/index.php\/category\/animations\/animations-passees\/"},"34":{"name":"Journ\u00e9es d\u00e9couverte","link":"https:\/\/amis-parc-foret-orient.fr\/index.php\/category\/journees-decouverte\/"},"28":{"name":"Juillet","link":"https:\/\/amis-parc-foret-orient.fr\/index.php\/category\/juillet\/"}},"tags_names":[],"comments_number":"0","wpmagazine_modules_lite_featured_media_urls":{"thumbnail":["https:\/\/amis-parc-foret-orient.fr\/wp-content\/uploads\/2024\/04\/parc-MW-150x150.jpg",150,150,true],"cvmm-medium":["https:\/\/amis-parc-foret-orient.fr\/wp-content\/uploads\/2024\/04\/parc-MW.jpg",300,225,false],"cvmm-medium-plus":["https:\/\/amis-parc-foret-orient.fr\/wp-content\/uploads\/2024\/04\/parc-MW.jpg",276,207,false],"cvmm-portrait":["https:\/\/amis-parc-foret-orient.fr\/wp-content\/uploads\/2024\/04\/parc-MW.jpg",400,300,false],"cvmm-medium-square":["https:\/\/amis-parc-foret-orient.fr\/wp-content\/uploads\/2024\/04\/parc-MW.jpg",600,450,false],"cvmm-large":["https:\/\/amis-parc-foret-orient.fr\/wp-content\/uploads\/2024\/04\/parc-MW.jpg",1024,768,false],"cvmm-small":["https:\/\/amis-parc-foret-orient.fr\/wp-content\/uploads\/2024\/04\/parc-MW.jpg",127,95,false],"full":["https:\/\/amis-parc-foret-orient.fr\/wp-content\/uploads\/2024\/04\/parc-MW.jpg",1600,1200,false]},"_links":{"self":[{"href":"https:\/\/amis-parc-foret-orient.fr\/index.php\/wp-json\/wp\/v2\/posts\/1849","targetHints":{"allow":["GET"]}}],"collection":[{"href":"https:\/\/amis-parc-foret-orient.fr\/index.php\/wp-json\/wp\/v2\/posts"}],"about":[{"href":"https:\/\/amis-parc-foret-orient.fr\/index.php\/wp-json\/wp\/v2\/types\/post"}],"author":[{"embeddable":true,"href":"https:\/\/amis-parc-foret-orient.fr\/index.php\/wp-json\/wp\/v2\/users\/11"}],"replies":[{"embeddable":true,"href":"https:\/\/amis-parc-foret-orient.fr\/index.php\/wp-json\/wp\/v2\/comments?post=1849"}],"version-history":[{"count":0,"href":"https:\/\/amis-parc-foret-orient.fr\/index.php\/wp-json\/wp\/v2\/posts\/1849\/revisions"}],"wp:featuredmedia":[{"embeddable":true,"href":"https:\/\/amis-parc-foret-orient.fr\/index.php\/wp-json\/wp\/v2\/media\/4813"}],"wp:attachment":[{"href":"https:\/\/amis-parc-foret-orient.fr\/index.php\/wp-json\/wp\/v2\/media?parent=1849"}],"wp:term":[{"taxonomy":"category","embeddable":true,"href":"https:\/\/amis-parc-foret-orient.fr\/index.php\/wp-json\/wp\/v2\/categories?post=1849"},{"taxonomy":"post_tag","embeddable":true,"href":"https:\/\/amis-parc-foret-orient.fr\/index.php\/wp-json\/wp\/v2\/tags?post=1849"}],"curies":[{"name":"wp","href":"https:\/\/api.w.org\/{rel}","templated":true}]}}