{"id":1803,"date":"2025-01-01T02:15:00","date_gmt":"2025-01-01T01:15:00","guid":{"rendered":"http:\/\/amis-parc-foret-orient.fr\/?p=1803"},"modified":"2025-08-26T16:23:48","modified_gmt":"2025-08-26T15:23:48","slug":"atelier-vannerie","status":"publish","type":"post","link":"https:\/\/amis-parc-foret-orient.fr\/index.php\/2025\/01\/01\/atelier-vannerie\/","title":{"rendered":"Atelier vannerie avec Clothilde Hein &#8211; samedi 15 f\u00e9vrier 2025 &#8211; COMPLET"},"content":{"rendered":"<p>Nous avons eu le plaisir d&rsquo;accueillir Clothide Hein de la vannerie d&rsquo;Othe pour deux ateliers de vannerie cons\u00e9cutifs le samedi 15 f\u00e9vrier 2025 \u00e0 la salle polyvalente de Dosches, rassemblant une petite vingtaine de personnes au total.<\/p>\n<p>A partir, principalement, d\u2019osier blanc ou brut, achet\u00e9 aupr\u00e8s d\u2019un osi\u00e9riculteur en Haute Marne, la vannerie d\u2019Othe fabrique des objets essentiellement utilitaires et d\u00e9coratifs : paniers de diff\u00e9rentes formes et tailles, nichoirs, mangeoires pour oiseaux\u2026 qu\u2019elle pr\u00e9sente sur diff\u00e9rentes manifestations et expositions du d\u00e9partement.  Clotilde HEIN a \u00e9galement \u00e0 c\u0153ur de faire partager son m\u00e9tier au travers d\u2019ateliers d\u2019initiation au tressage de l\u2019osier qui sont r\u00e9guli\u00e8rement propos\u00e9s au Nid de cr\u00e9ateurs \u00e0 Maraye en Othe. De fa\u00e7on compl\u00e9mentaire Clotilde propose \u00e9galement de faire d\u00e9couvrir aux enfants le plaisir de fabriquer un objet ludique de leurs mains en milieu scolaire.     <\/p>\n<p><em>A propos de Clothidle Hein :<br \/>\nClotilde Hein a v\u00e9cu toute son enfance dans un petit village de la campagne Auboise, avant, \u00e0 20 ans, de partir \u00e0 Paris pour y travailler pendant 15 ans. L\u2019arriv\u00e9e de ses enfants lui a fait prendre conscience du besoin qu\u2019elle avait de retrouver ses racines, une base solide pour leur transmettre ses valeurs. C\u2019est donc en famille qu\u2019elle d\u00e9m\u00e9nage pour revenir dans l\u2019Aube et engage une d\u00e9marche personnelle de recherche d\u2019un projet professionnel. Petite fille d\u2019agriculteur et fille d\u2019artisan c\u2019est presque naturellement qu\u2019elle se tourne vers la vannerie et s\u2019engage dans un parcours de formation pendant un an \u00e0 l&rsquo;Ecole Nationale de Vannerie et d&rsquo;Osi\u00e9riculture de Fayl Billot.  Aujourd\u2019hui artisan vannier, elle travaille de ses mains un mat\u00e9riau \u00e9co-responsable qu\u2019elle souhaite aussi prochainement cultiver r\u00e9ussissant ainsi \u00e0 tisser un lien entre son h\u00e9ritage familial, le pr\u00e9sent qu\u2019elle s\u2019est forg\u00e9e et le futur qu\u2019elle souhaite transmettre.   <\/em><\/p>\n","protected":false},"excerpt":{"rendered":"<p>Nous avons eu le plaisir d&rsquo;accueillir Clothide Hein de la vannerie d&rsquo;Othe pour deux ateliers de vannerie cons\u00e9cutifs le samedi 15 f\u00e9vrier 2025 \u00e0 la salle polyvalente de Dosches, rassemblant une petite vingtaine de personnes au total. A partir, principalement, d\u2019osier blanc ou brut, achet\u00e9 aupr\u00e8s d\u2019un osi\u00e9riculteur en Haute Marne, la vannerie d\u2019Othe fabrique [&hellip;]<\/p>\n","protected":false},"author":1,"featured_media":4650,"comment_status":"open","ping_status":"open","sticky":false,"template":"","format":"standard","meta":{"footnotes":"","_wp_rev_ctl_limit":""},"categories":[257,21,252,23,37],"tags":[],"class_list":["post-1803","post","type-post","status-publish","format-standard","has-post-thumbnail","hentry","category-1er-trimestre-2025","category-animations","category-animations-passees","category-fevrier","category-sorties-culturelles"],"yoast_head":"<!-- This site is optimized with the Yoast SEO plugin v27.5 - https:\/\/yoast.com\/product\/yoast-seo-wordpress\/ -->\n<title>Atelier vannerie avec Clothilde Hein - samedi 15 f\u00e9vrier 2025 - COMPLET - Les Amis du Parc de la For\u00eat d&#039;Orient<\/title>\n<meta name=\"robots\" content=\"index, follow, max-snippet:-1, max-image-preview:large, max-video-preview:-1\" \/>\n<link rel=\"canonical\" href=\"https:\/\/amis-parc-foret-orient.fr\/index.php\/2025\/01\/01\/atelier-vannerie\/\" \/>\n<meta property=\"og:locale\" content=\"fr_FR\" \/>\n<meta property=\"og:type\" content=\"article\" \/>\n<meta property=\"og:title\" content=\"Atelier vannerie avec Clothilde Hein - samedi 15 f\u00e9vrier 2025 - COMPLET - Les Amis du Parc de la For\u00eat d&#039;Orient\" \/>\n<meta property=\"og:description\" content=\"Nous avons eu le plaisir d&rsquo;accueillir Clothide Hein de la vannerie d&rsquo;Othe pour deux ateliers de vannerie cons\u00e9cutifs le samedi 15 f\u00e9vrier 2025 \u00e0 la salle polyvalente de Dosches, rassemblant une petite vingtaine de personnes au total. A partir, principalement, d\u2019osier blanc ou brut, achet\u00e9 aupr\u00e8s d\u2019un osi\u00e9riculteur en Haute Marne, la vannerie d\u2019Othe fabrique [&hellip;]\" \/>\n<meta property=\"og:url\" content=\"https:\/\/amis-parc-foret-orient.fr\/index.php\/2025\/01\/01\/atelier-vannerie\/\" \/>\n<meta property=\"og:site_name\" content=\"Les Amis du Parc de la For\u00eat d&#039;Orient\" \/>\n<meta property=\"article:publisher\" content=\"https:\/\/www.facebook.com\/Amis.du.Parc\/\" \/>\n<meta property=\"article:published_time\" content=\"2025-01-01T01:15:00+00:00\" \/>\n<meta property=\"article:modified_time\" content=\"2025-08-26T15:23:48+00:00\" \/>\n<meta property=\"og:image\" content=\"https:\/\/amis-parc-foret-orient.fr\/wp-content\/uploads\/2025\/01\/IMG_20240207_184146_139-redimensionnee.jpg\" \/>\n\t<meta property=\"og:image:width\" content=\"400\" \/>\n\t<meta property=\"og:image:height\" content=\"400\" \/>\n\t<meta property=\"og:image:type\" content=\"image\/jpeg\" \/>\n<meta name=\"author\" content=\"Katell\" \/>\n<meta name=\"twitter:card\" content=\"summary_large_image\" \/>\n<meta name=\"twitter:label1\" content=\"\u00c9crit par\" \/>\n\t<meta name=\"twitter:data1\" content=\"Katell\" \/>\n\t<meta name=\"twitter:label2\" content=\"Dur\u00e9e de lecture estim\u00e9e\" \/>\n\t<meta name=\"twitter:data2\" content=\"2 minutes\" \/>\n<script type=\"application\/ld+json\" class=\"yoast-schema-graph\">{\"@context\":\"https:\\\/\\\/schema.org\",\"@graph\":[{\"@type\":\"Article\",\"@id\":\"https:\\\/\\\/amis-parc-foret-orient.fr\\\/index.php\\\/2025\\\/01\\\/01\\\/atelier-vannerie\\\/#article\",\"isPartOf\":{\"@id\":\"https:\\\/\\\/amis-parc-foret-orient.fr\\\/index.php\\\/2025\\\/01\\\/01\\\/atelier-vannerie\\\/\"},\"author\":{\"name\":\"Katell\",\"@id\":\"https:\\\/\\\/amis-parc-foret-orient.fr\\\/#\\\/schema\\\/person\\\/8961238e6b786153d305b90e6d96037f\"},\"headline\":\"Atelier vannerie avec Clothilde Hein &#8211; samedi 15 f\u00e9vrier 2025 &#8211; COMPLET\",\"datePublished\":\"2025-01-01T01:15:00+00:00\",\"dateModified\":\"2025-08-26T15:23:48+00:00\",\"mainEntityOfPage\":{\"@id\":\"https:\\\/\\\/amis-parc-foret-orient.fr\\\/index.php\\\/2025\\\/01\\\/01\\\/atelier-vannerie\\\/\"},\"wordCount\":342,\"commentCount\":0,\"publisher\":{\"@id\":\"https:\\\/\\\/amis-parc-foret-orient.fr\\\/#organization\"},\"image\":{\"@id\":\"https:\\\/\\\/amis-parc-foret-orient.fr\\\/index.php\\\/2025\\\/01\\\/01\\\/atelier-vannerie\\\/#primaryimage\"},\"thumbnailUrl\":\"https:\\\/\\\/amis-parc-foret-orient.fr\\\/wp-content\\\/uploads\\\/2025\\\/01\\\/IMG_20240207_184146_139-redimensionnee.jpg\",\"articleSection\":[\"1er trimestre 2025\",\"Animations\",\"Animations pass\u00e9es\",\"F\u00e9vrier\",\"Sorties culturelles\"],\"inLanguage\":\"fr-FR\",\"potentialAction\":[{\"@type\":\"CommentAction\",\"name\":\"Comment\",\"target\":[\"https:\\\/\\\/amis-parc-foret-orient.fr\\\/index.php\\\/2025\\\/01\\\/01\\\/atelier-vannerie\\\/#respond\"]}]},{\"@type\":\"WebPage\",\"@id\":\"https:\\\/\\\/amis-parc-foret-orient.fr\\\/index.php\\\/2025\\\/01\\\/01\\\/atelier-vannerie\\\/\",\"url\":\"https:\\\/\\\/amis-parc-foret-orient.fr\\\/index.php\\\/2025\\\/01\\\/01\\\/atelier-vannerie\\\/\",\"name\":\"Atelier vannerie avec Clothilde Hein - samedi 15 f\u00e9vrier 2025 - COMPLET - Les Amis du Parc de la For\u00eat d&#039;Orient\",\"isPartOf\":{\"@id\":\"https:\\\/\\\/amis-parc-foret-orient.fr\\\/#website\"},\"primaryImageOfPage\":{\"@id\":\"https:\\\/\\\/amis-parc-foret-orient.fr\\\/index.php\\\/2025\\\/01\\\/01\\\/atelier-vannerie\\\/#primaryimage\"},\"image\":{\"@id\":\"https:\\\/\\\/amis-parc-foret-orient.fr\\\/index.php\\\/2025\\\/01\\\/01\\\/atelier-vannerie\\\/#primaryimage\"},\"thumbnailUrl\":\"https:\\\/\\\/amis-parc-foret-orient.fr\\\/wp-content\\\/uploads\\\/2025\\\/01\\\/IMG_20240207_184146_139-redimensionnee.jpg\",\"datePublished\":\"2025-01-01T01:15:00+00:00\",\"dateModified\":\"2025-08-26T15:23:48+00:00\",\"breadcrumb\":{\"@id\":\"https:\\\/\\\/amis-parc-foret-orient.fr\\\/index.php\\\/2025\\\/01\\\/01\\\/atelier-vannerie\\\/#breadcrumb\"},\"inLanguage\":\"fr-FR\",\"potentialAction\":[{\"@type\":\"ReadAction\",\"target\":[\"https:\\\/\\\/amis-parc-foret-orient.fr\\\/index.php\\\/2025\\\/01\\\/01\\\/atelier-vannerie\\\/\"]}]},{\"@type\":\"ImageObject\",\"inLanguage\":\"fr-FR\",\"@id\":\"https:\\\/\\\/amis-parc-foret-orient.fr\\\/index.php\\\/2025\\\/01\\\/01\\\/atelier-vannerie\\\/#primaryimage\",\"url\":\"https:\\\/\\\/amis-parc-foret-orient.fr\\\/wp-content\\\/uploads\\\/2025\\\/01\\\/IMG_20240207_184146_139-redimensionnee.jpg\",\"contentUrl\":\"https:\\\/\\\/amis-parc-foret-orient.fr\\\/wp-content\\\/uploads\\\/2025\\\/01\\\/IMG_20240207_184146_139-redimensionnee.jpg\",\"width\":400,\"height\":400},{\"@type\":\"BreadcrumbList\",\"@id\":\"https:\\\/\\\/amis-parc-foret-orient.fr\\\/index.php\\\/2025\\\/01\\\/01\\\/atelier-vannerie\\\/#breadcrumb\",\"itemListElement\":[{\"@type\":\"ListItem\",\"position\":1,\"name\":\"Home\",\"item\":\"https:\\\/\\\/amis-parc-foret-orient.fr\\\/\"},{\"@type\":\"ListItem\",\"position\":2,\"name\":\"Atelier vannerie avec Clothilde Hein &#8211; samedi 15 f\u00e9vrier 2025 &#8211; COMPLET\"}]},{\"@type\":\"WebSite\",\"@id\":\"https:\\\/\\\/amis-parc-foret-orient.fr\\\/#website\",\"url\":\"https:\\\/\\\/amis-parc-foret-orient.fr\\\/\",\"name\":\"Les Amis du Parc de la For\u00eat d'Orient\",\"description\":\"\",\"publisher\":{\"@id\":\"https:\\\/\\\/amis-parc-foret-orient.fr\\\/#organization\"},\"potentialAction\":[{\"@type\":\"SearchAction\",\"target\":{\"@type\":\"EntryPoint\",\"urlTemplate\":\"https:\\\/\\\/amis-parc-foret-orient.fr\\\/?s={search_term_string}\"},\"query-input\":{\"@type\":\"PropertyValueSpecification\",\"valueRequired\":true,\"valueName\":\"search_term_string\"}}],\"inLanguage\":\"fr-FR\"},{\"@type\":\"Organization\",\"@id\":\"https:\\\/\\\/amis-parc-foret-orient.fr\\\/#organization\",\"name\":\"Les Amis du Parc de la For\u00eat d'Orient\",\"url\":\"https:\\\/\\\/amis-parc-foret-orient.fr\\\/\",\"logo\":{\"@type\":\"ImageObject\",\"inLanguage\":\"fr-FR\",\"@id\":\"https:\\\/\\\/amis-parc-foret-orient.fr\\\/#\\\/schema\\\/logo\\\/image\\\/\",\"url\":\"https:\\\/\\\/amis-parc-foret-orient.fr\\\/wp-content\\\/uploads\\\/2025\\\/08\\\/cropped-logo_amis_parc_2025_150-1-1.png\",\"contentUrl\":\"https:\\\/\\\/amis-parc-foret-orient.fr\\\/wp-content\\\/uploads\\\/2025\\\/08\\\/cropped-logo_amis_parc_2025_150-1-1.png\",\"width\":400,\"height\":175,\"caption\":\"Les Amis du Parc de la For\u00eat d'Orient\"},\"image\":{\"@id\":\"https:\\\/\\\/amis-parc-foret-orient.fr\\\/#\\\/schema\\\/logo\\\/image\\\/\"},\"sameAs\":[\"https:\\\/\\\/www.facebook.com\\\/Amis.du.Parc\\\/\"]},{\"@type\":\"Person\",\"@id\":\"https:\\\/\\\/amis-parc-foret-orient.fr\\\/#\\\/schema\\\/person\\\/8961238e6b786153d305b90e6d96037f\",\"name\":\"Katell\",\"image\":{\"@type\":\"ImageObject\",\"inLanguage\":\"fr-FR\",\"@id\":\"https:\\\/\\\/secure.gravatar.com\\\/avatar\\\/e3d85f2f6ff53b0fa29c4f19018fd7eacf2d993b69093d04ab556e1a47b4910e?s=96&d=monsterid&r=g\",\"url\":\"https:\\\/\\\/secure.gravatar.com\\\/avatar\\\/e3d85f2f6ff53b0fa29c4f19018fd7eacf2d993b69093d04ab556e1a47b4910e?s=96&d=monsterid&r=g\",\"contentUrl\":\"https:\\\/\\\/secure.gravatar.com\\\/avatar\\\/e3d85f2f6ff53b0fa29c4f19018fd7eacf2d993b69093d04ab556e1a47b4910e?s=96&d=monsterid&r=g\",\"caption\":\"Katell\"},\"url\":\"https:\\\/\\\/amis-parc-foret-orient.fr\\\/index.php\\\/author\\\/ladpsn4-2-2-2-2-2-2-2-2-2-2\\\/\"}]}<\/script>\n<!-- \/ Yoast SEO plugin. -->","yoast_head_json":{"title":"Atelier vannerie avec Clothilde Hein - samedi 15 f\u00e9vrier 2025 - COMPLET - Les Amis du Parc de la For\u00eat d&#039;Orient","robots":{"index":"index","follow":"follow","max-snippet":"max-snippet:-1","max-image-preview":"max-image-preview:large","max-video-preview":"max-video-preview:-1"},"canonical":"https:\/\/amis-parc-foret-orient.fr\/index.php\/2025\/01\/01\/atelier-vannerie\/","og_locale":"fr_FR","og_type":"article","og_title":"Atelier vannerie avec Clothilde Hein - samedi 15 f\u00e9vrier 2025 - COMPLET - Les Amis du Parc de la For\u00eat d&#039;Orient","og_description":"Nous avons eu le plaisir d&rsquo;accueillir Clothide Hein de la vannerie d&rsquo;Othe pour deux ateliers de vannerie cons\u00e9cutifs le samedi 15 f\u00e9vrier 2025 \u00e0 la salle polyvalente de Dosches, rassemblant une petite vingtaine de personnes au total. A partir, principalement, d\u2019osier blanc ou brut, achet\u00e9 aupr\u00e8s d\u2019un osi\u00e9riculteur en Haute Marne, la vannerie d\u2019Othe fabrique [&hellip;]","og_url":"https:\/\/amis-parc-foret-orient.fr\/index.php\/2025\/01\/01\/atelier-vannerie\/","og_site_name":"Les Amis du Parc de la For\u00eat d&#039;Orient","article_publisher":"https:\/\/www.facebook.com\/Amis.du.Parc\/","article_published_time":"2025-01-01T01:15:00+00:00","article_modified_time":"2025-08-26T15:23:48+00:00","og_image":[{"width":400,"height":400,"url":"https:\/\/amis-parc-foret-orient.fr\/wp-content\/uploads\/2025\/01\/IMG_20240207_184146_139-redimensionnee.jpg","type":"image\/jpeg"}],"author":"Katell","twitter_card":"summary_large_image","twitter_misc":{"\u00c9crit par":"Katell","Dur\u00e9e de lecture estim\u00e9e":"2 minutes"},"schema":{"@context":"https:\/\/schema.org","@graph":[{"@type":"Article","@id":"https:\/\/amis-parc-foret-orient.fr\/index.php\/2025\/01\/01\/atelier-vannerie\/#article","isPartOf":{"@id":"https:\/\/amis-parc-foret-orient.fr\/index.php\/2025\/01\/01\/atelier-vannerie\/"},"author":{"name":"Katell","@id":"https:\/\/amis-parc-foret-orient.fr\/#\/schema\/person\/8961238e6b786153d305b90e6d96037f"},"headline":"Atelier vannerie avec Clothilde Hein &#8211; samedi 15 f\u00e9vrier 2025 &#8211; COMPLET","datePublished":"2025-01-01T01:15:00+00:00","dateModified":"2025-08-26T15:23:48+00:00","mainEntityOfPage":{"@id":"https:\/\/amis-parc-foret-orient.fr\/index.php\/2025\/01\/01\/atelier-vannerie\/"},"wordCount":342,"commentCount":0,"publisher":{"@id":"https:\/\/amis-parc-foret-orient.fr\/#organization"},"image":{"@id":"https:\/\/amis-parc-foret-orient.fr\/index.php\/2025\/01\/01\/atelier-vannerie\/#primaryimage"},"thumbnailUrl":"https:\/\/amis-parc-foret-orient.fr\/wp-content\/uploads\/2025\/01\/IMG_20240207_184146_139-redimensionnee.jpg","articleSection":["1er trimestre 2025","Animations","Animations pass\u00e9es","F\u00e9vrier","Sorties culturelles"],"inLanguage":"fr-FR","potentialAction":[{"@type":"CommentAction","name":"Comment","target":["https:\/\/amis-parc-foret-orient.fr\/index.php\/2025\/01\/01\/atelier-vannerie\/#respond"]}]},{"@type":"WebPage","@id":"https:\/\/amis-parc-foret-orient.fr\/index.php\/2025\/01\/01\/atelier-vannerie\/","url":"https:\/\/amis-parc-foret-orient.fr\/index.php\/2025\/01\/01\/atelier-vannerie\/","name":"Atelier vannerie avec Clothilde Hein - samedi 15 f\u00e9vrier 2025 - COMPLET - Les Amis du Parc de la For\u00eat d&#039;Orient","isPartOf":{"@id":"https:\/\/amis-parc-foret-orient.fr\/#website"},"primaryImageOfPage":{"@id":"https:\/\/amis-parc-foret-orient.fr\/index.php\/2025\/01\/01\/atelier-vannerie\/#primaryimage"},"image":{"@id":"https:\/\/amis-parc-foret-orient.fr\/index.php\/2025\/01\/01\/atelier-vannerie\/#primaryimage"},"thumbnailUrl":"https:\/\/amis-parc-foret-orient.fr\/wp-content\/uploads\/2025\/01\/IMG_20240207_184146_139-redimensionnee.jpg","datePublished":"2025-01-01T01:15:00+00:00","dateModified":"2025-08-26T15:23:48+00:00","breadcrumb":{"@id":"https:\/\/amis-parc-foret-orient.fr\/index.php\/2025\/01\/01\/atelier-vannerie\/#breadcrumb"},"inLanguage":"fr-FR","potentialAction":[{"@type":"ReadAction","target":["https:\/\/amis-parc-foret-orient.fr\/index.php\/2025\/01\/01\/atelier-vannerie\/"]}]},{"@type":"ImageObject","inLanguage":"fr-FR","@id":"https:\/\/amis-parc-foret-orient.fr\/index.php\/2025\/01\/01\/atelier-vannerie\/#primaryimage","url":"https:\/\/amis-parc-foret-orient.fr\/wp-content\/uploads\/2025\/01\/IMG_20240207_184146_139-redimensionnee.jpg","contentUrl":"https:\/\/amis-parc-foret-orient.fr\/wp-content\/uploads\/2025\/01\/IMG_20240207_184146_139-redimensionnee.jpg","width":400,"height":400},{"@type":"BreadcrumbList","@id":"https:\/\/amis-parc-foret-orient.fr\/index.php\/2025\/01\/01\/atelier-vannerie\/#breadcrumb","itemListElement":[{"@type":"ListItem","position":1,"name":"Home","item":"https:\/\/amis-parc-foret-orient.fr\/"},{"@type":"ListItem","position":2,"name":"Atelier vannerie avec Clothilde Hein &#8211; samedi 15 f\u00e9vrier 2025 &#8211; COMPLET"}]},{"@type":"WebSite","@id":"https:\/\/amis-parc-foret-orient.fr\/#website","url":"https:\/\/amis-parc-foret-orient.fr\/","name":"Les Amis du Parc de la For\u00eat d'Orient","description":"","publisher":{"@id":"https:\/\/amis-parc-foret-orient.fr\/#organization"},"potentialAction":[{"@type":"SearchAction","target":{"@type":"EntryPoint","urlTemplate":"https:\/\/amis-parc-foret-orient.fr\/?s={search_term_string}"},"query-input":{"@type":"PropertyValueSpecification","valueRequired":true,"valueName":"search_term_string"}}],"inLanguage":"fr-FR"},{"@type":"Organization","@id":"https:\/\/amis-parc-foret-orient.fr\/#organization","name":"Les Amis du Parc de la For\u00eat d'Orient","url":"https:\/\/amis-parc-foret-orient.fr\/","logo":{"@type":"ImageObject","inLanguage":"fr-FR","@id":"https:\/\/amis-parc-foret-orient.fr\/#\/schema\/logo\/image\/","url":"https:\/\/amis-parc-foret-orient.fr\/wp-content\/uploads\/2025\/08\/cropped-logo_amis_parc_2025_150-1-1.png","contentUrl":"https:\/\/amis-parc-foret-orient.fr\/wp-content\/uploads\/2025\/08\/cropped-logo_amis_parc_2025_150-1-1.png","width":400,"height":175,"caption":"Les Amis du Parc de la For\u00eat d'Orient"},"image":{"@id":"https:\/\/amis-parc-foret-orient.fr\/#\/schema\/logo\/image\/"},"sameAs":["https:\/\/www.facebook.com\/Amis.du.Parc\/"]},{"@type":"Person","@id":"https:\/\/amis-parc-foret-orient.fr\/#\/schema\/person\/8961238e6b786153d305b90e6d96037f","name":"Katell","image":{"@type":"ImageObject","inLanguage":"fr-FR","@id":"https:\/\/secure.gravatar.com\/avatar\/e3d85f2f6ff53b0fa29c4f19018fd7eacf2d993b69093d04ab556e1a47b4910e?s=96&d=monsterid&r=g","url":"https:\/\/secure.gravatar.com\/avatar\/e3d85f2f6ff53b0fa29c4f19018fd7eacf2d993b69093d04ab556e1a47b4910e?s=96&d=monsterid&r=g","contentUrl":"https:\/\/secure.gravatar.com\/avatar\/e3d85f2f6ff53b0fa29c4f19018fd7eacf2d993b69093d04ab556e1a47b4910e?s=96&d=monsterid&r=g","caption":"Katell"},"url":"https:\/\/amis-parc-foret-orient.fr\/index.php\/author\/ladpsn4-2-2-2-2-2-2-2-2-2-2\/"}]}},"blog_post_layout_featured_media_urls":{"thumbnail":["https:\/\/amis-parc-foret-orient.fr\/wp-content\/uploads\/2025\/01\/IMG_20240207_184146_139-redimensionnee-150x150.jpg",150,150,true],"full":["https:\/\/amis-parc-foret-orient.fr\/wp-content\/uploads\/2025\/01\/IMG_20240207_184146_139-redimensionnee.jpg",400,400,false]},"categories_names":{"257":{"name":"1er trimestre 2025","link":"https:\/\/amis-parc-foret-orient.fr\/index.php\/category\/animations\/archives\/1er-trimestre-2025\/"},"21":{"name":"Animations","link":"https:\/\/amis-parc-foret-orient.fr\/index.php\/category\/animations\/"},"252":{"name":"Animations pass\u00e9es","link":"https:\/\/amis-parc-foret-orient.fr\/index.php\/category\/animations\/animations-passees\/"},"23":{"name":"F\u00e9vrier","link":"https:\/\/amis-parc-foret-orient.fr\/index.php\/category\/fevrier\/"},"37":{"name":"Sorties culturelles","link":"https:\/\/amis-parc-foret-orient.fr\/index.php\/category\/sorties-culturelles\/"}},"tags_names":[],"comments_number":"0","wpmagazine_modules_lite_featured_media_urls":{"thumbnail":["https:\/\/amis-parc-foret-orient.fr\/wp-content\/uploads\/2025\/01\/IMG_20240207_184146_139-redimensionnee-150x150.jpg",150,150,true],"cvmm-medium":["https:\/\/amis-parc-foret-orient.fr\/wp-content\/uploads\/2025\/01\/IMG_20240207_184146_139-redimensionnee.jpg",300,300,false],"cvmm-medium-plus":["https:\/\/amis-parc-foret-orient.fr\/wp-content\/uploads\/2025\/01\/IMG_20240207_184146_139-redimensionnee.jpg",207,207,false],"cvmm-portrait":["https:\/\/amis-parc-foret-orient.fr\/wp-content\/uploads\/2025\/01\/IMG_20240207_184146_139-redimensionnee.jpg",400,400,false],"cvmm-medium-square":["https:\/\/amis-parc-foret-orient.fr\/wp-content\/uploads\/2025\/01\/IMG_20240207_184146_139-redimensionnee.jpg",400,400,false],"cvmm-large":["https:\/\/amis-parc-foret-orient.fr\/wp-content\/uploads\/2025\/01\/IMG_20240207_184146_139-redimensionnee.jpg",400,400,false],"cvmm-small":["https:\/\/amis-parc-foret-orient.fr\/wp-content\/uploads\/2025\/01\/IMG_20240207_184146_139-redimensionnee.jpg",95,95,false],"full":["https:\/\/amis-parc-foret-orient.fr\/wp-content\/uploads\/2025\/01\/IMG_20240207_184146_139-redimensionnee.jpg",400,400,false]},"_links":{"self":[{"href":"https:\/\/amis-parc-foret-orient.fr\/index.php\/wp-json\/wp\/v2\/posts\/1803","targetHints":{"allow":["GET"]}}],"collection":[{"href":"https:\/\/amis-parc-foret-orient.fr\/index.php\/wp-json\/wp\/v2\/posts"}],"about":[{"href":"https:\/\/amis-parc-foret-orient.fr\/index.php\/wp-json\/wp\/v2\/types\/post"}],"author":[{"embeddable":true,"href":"https:\/\/amis-parc-foret-orient.fr\/index.php\/wp-json\/wp\/v2\/users\/1"}],"replies":[{"embeddable":true,"href":"https:\/\/amis-parc-foret-orient.fr\/index.php\/wp-json\/wp\/v2\/comments?post=1803"}],"version-history":[{"count":0,"href":"https:\/\/amis-parc-foret-orient.fr\/index.php\/wp-json\/wp\/v2\/posts\/1803\/revisions"}],"wp:featuredmedia":[{"embeddable":true,"href":"https:\/\/amis-parc-foret-orient.fr\/index.php\/wp-json\/wp\/v2\/media\/4650"}],"wp:attachment":[{"href":"https:\/\/amis-parc-foret-orient.fr\/index.php\/wp-json\/wp\/v2\/media?parent=1803"}],"wp:term":[{"taxonomy":"category","embeddable":true,"href":"https:\/\/amis-parc-foret-orient.fr\/index.php\/wp-json\/wp\/v2\/categories?post=1803"},{"taxonomy":"post_tag","embeddable":true,"href":"https:\/\/amis-parc-foret-orient.fr\/index.php\/wp-json\/wp\/v2\/tags?post=1803"}],"curies":[{"name":"wp","href":"https:\/\/api.w.org\/{rel}","templated":true}]}}